{"id":653,"date":"2020-07-13T04:14:41","date_gmt":"2020-07-13T04:14:41","guid":{"rendered":"http:\/\/ciudadtrujillo.com\/?p=653"},"modified":"2020-07-13T04:14:41","modified_gmt":"2020-07-13T04:14:41","slug":"maduro-cuestiona-silencio-de-la-comunidad-internacional-ante-las-actitudes-imperiales-de-ee-uu","status":"publish","type":"post","link":"https:\/\/ciudadtrujillo.com\/?p=653","title":{"rendered":"Maduro cuestiona silencio de la comunidad internacional ante las actitudes imperiales de EE.UU"},"content":{"rendered":"<p>El presidente de la Rep\u00fablica Bolivariana de Venezuela, Nicol\u00e1s Maduro, cuestion\u00f3 silencio de la comunidad internacional ante actitudes imperiales de Estados Unidos (EE.UU).<\/p>\n<p>\u00abEl mundo calla, el mundo observa las actitudes imperiales\u00bb, expres\u00f3 el jefe de Estado venezolano durante una reuni\u00f3n de trabajo, transmitida por Venezolana de Televisi\u00f3n.<\/p>\n<p>En este sentido, el Mandatario Nacional se refiri\u00f3 a las falsas acusaciones realizadas por el asesor de Seguridad Nacional de Estados Unidos (EE.UU.), Robert O\u2019Brien.<\/p>\n<p>El funcionario norteamericano se\u00f1al\u00f3 a la naci\u00f3n bolivariana como \u00abun narcoestado\u00bb y calific\u00f3 al Gobierno Nacional como un \u00abr\u00e9gimen corrupto e ilegal\u00bb.<\/p>\n<p>De igual forma, hizo referencia a la entrevista realizada por el el canal privado Telemundo al presidente estadounidense, Donald Trump; quien asever\u00f3 que la naci\u00f3n norteamericana estar\u00e1 \u00abmuy involucrado\u00bb por lo que pueda ocurrir en Venezuela.<\/p>\n<p>\u00abAlgo va a pasar en Venezuela, eso es todo lo que puedo decirle\u201d y EE.UU \u201cmuy involucrado\u201d, expres\u00f3 Trump en una entrevista con el periodista Jos\u00e9 D\u00edaz Balart.<\/p>\n<p>&nbsp;<\/p>\n<h3>FANB garante de la independencia<\/h3>\n<p>Tras las declaraciones y acusaciones de los funcionarios militares de EE.UU, el mandatario venezolano resalt\u00f3 la actitud antiimperialista mostrada por la Fuerza Armada Nacional Bolivariana (FANB)<\/p>\n<p>M\u00e1s temprano, la instituci\u00f3n militar venezolana ratific\u00f3 su compromiso con la defensa de la independencia, la soberan\u00eda y la integridad territorial del pa\u00eds.<\/p>\n<p>En ese sentido, el ministro del Poder Popular para la Defensa, GJ Vladimir Padrino L\u00f3pez, calific\u00f3 como una \u201cpuesta en escena electoral\u201d al acto del Comando Sur realizado en Florida, donde se acus\u00f3 a Venezuela de \u201cpara\u00edso para el narcotr\u00e1fico\u201d.<\/p>\n<p>Tambi\u00e9n el Comandante Estrat\u00e9gico Operacional de la FANB (Ceofanb) Remigio Ceballos, recalc\u00f3 que cada uno de los comandos de las ocho Regiones Estrat\u00e9gicas de Defensa Integral (REDI) y de las en Zonas Operativas (ZODI), se mantienen firmes en la lucha por la defensa de la paz de Venezuela, ante agresiones de Gobiernos injerencistas.<\/p>\n<p>\u00abDonald Trump este es el poder de verdad de Venezuela, este es el poder que tiene el apoyo de la institucionalidad, la Constituci\u00f3n y el pueblo de Venezuela\u00bb, recalc\u00f3 el Jefe de Estado venezolano.<\/p>\n<p>&nbsp;<\/p>\n<p>&nbsp;<\/p>\n<h6><em>Correo del Orinoco\/Gr\u00e1ficas: Cortes\u00eda<\/em><\/h6>\n","protected":false},"excerpt":{"rendered":"<p>El presidente de la Rep\u00fablica Bolivariana de Venezuela, Nicol\u00e1s Maduro, cuestion\u00f3 silencio de la comunidad internacional ante actitudes imperiales de Estados Unidos (EE.UU). \u00abEl mundo calla, el mundo observa las&hellip; <\/p>\n","protected":false},"author":1,"featured_media":654,"comment_status":"closed","ping_status":"closed","sticky":false,"template":"","format":"standard","meta":{"footnotes":""},"categories":[41],"tags":[],"class_list":["post-653","post","type-post","status-publish","format-standard","has-post-thumbnail","hentry","category-pais"],"_links":{"self":[{"href":"https:\/\/ciudadtrujillo.com\/index.php?rest_route=\/wp\/v2\/posts\/653","targetHints":{"allow":["GET"]}}],"collection":[{"href":"https:\/\/ciudadtrujillo.com\/index.php?rest_route=\/wp\/v2\/posts"}],"about":[{"href":"https:\/\/ciudadtrujillo.com\/index.php?rest_route=\/wp\/v2\/types\/post"}],"author":[{"embeddable":true,"href":"https:\/\/ciudadtrujillo.com\/index.php?rest_route=\/wp\/v2\/users\/1"}],"replies":[{"embeddable":true,"href":"https:\/\/ciudadtrujillo.com\/index.php?rest_route=%2Fwp%2Fv2%2Fcomments&post=653"}],"version-history":[{"count":1,"href":"https:\/\/ciudadtrujillo.com\/index.php?rest_route=\/wp\/v2\/posts\/653\/revisions"}],"predecessor-version":[{"id":655,"href":"https:\/\/ciudadtrujillo.com\/index.php?rest_route=\/wp\/v2\/posts\/653\/revisions\/655"}],"wp:featuredmedia":[{"embeddable":true,"href":"https:\/\/ciudadtrujillo.com\/index.php?rest_route=\/wp\/v2\/media\/654"}],"wp:attachment":[{"href":"https:\/\/ciudadtrujillo.com\/index.php?rest_route=%2Fwp%2Fv2%2Fmedia&parent=653"}],"wp:term":[{"taxonomy":"category","embeddable":true,"href":"https:\/\/ciudadtrujillo.com\/index.php?rest_route=%2Fwp%2Fv2%2Fcategories&post=653"},{"taxonomy":"post_tag","embeddable":true,"href":"https:\/\/ciudadtrujillo.com\/index.php?rest_route=%2Fwp%2Fv2%2Ftags&post=653"}],"curies":[{"name":"wp","href":"https:\/\/api.w.org\/{rel}","templated":true}]}}