{"id":649,"date":"2020-07-13T03:14:08","date_gmt":"2020-07-13T03:14:08","guid":{"rendered":"http:\/\/ciudadtrujillo.com\/?p=649"},"modified":"2020-07-13T03:14:08","modified_gmt":"2020-07-13T03:14:08","slug":"nuevo-esquema-de-cuarentena-y-flexibilizacion-77-sera-en-tres-niveles","status":"publish","type":"post","link":"https:\/\/ciudadtrujillo.com\/?p=649","title":{"rendered":"Nuevo esquema de cuarentena y flexibilizaci\u00f3n 7+7 ser\u00e1 en tres niveles"},"content":{"rendered":"<div>\n<p><span style=\"font-size: 16px;\">El esquema de flexibilizaci\u00f3n venezolano de 7+7, se aplicar\u00e1 en tres niveles que ir\u00e1n desde la cuarentena radical, hasta la flexibilizaci\u00f3n general para la actividad de los 24 sectores de la econom\u00eda incorporados en el plan, infotm\u00f3 el Jefe de Estado, Nicol\u00e1s Maduro.<\/span><\/p>\n<\/div>\n<div>\n<p>\u00abVamos a aplicar tres niveles para esta semana que empieza el lunes 13 de julio al domingo 19 de julio\u00bb, indic\u00f3 en declaraciones ofrecidas este s\u00e1bado detall\u00f3 que este esquema permitir\u00e1 garantizar la reactivaci\u00f3n de los sectores econ\u00f3micos, sin poner en riesgo la salud de la poblaci\u00f3n.<\/p>\n<p>Al respecto la vicepresidenta Ejecutiva, Delcy Rodr\u00edguez detall\u00f3 que en el primer nivel ser\u00e1 de cuarentena radical, y se aplicar\u00e1 en la totalidad de los municipios del estado Zulia, y todos los municipios fronterizos que est\u00e1n recibiendo connacionales, as\u00ed como en las ciudades de El Vigia (M\u00e9rida) y Cuman\u00e1 (Sucre), donde se registran importantes focos de brote de la pandemia. En este primer nivel se excepcionan del cumplimiento de la cuarentena el funcionamiento de los servicios p\u00fablicos, alimentaci\u00f3n y medicamentos.<\/p>\n<div>En el segundo nivel que permitir\u00e1 la actividad econ\u00f3mica de los sectores construcci\u00f3n, ferreter\u00edas, industria qu\u00edmica, transporte, bancos, peluquer\u00edas, talleres mec\u00e1nicos y autopartes, consultorios, industria textil, plomeria y otro tipo de servicios domiciliarios, se incorpora a los estados Carabobo, Trujillo, Merida (salvo el Vigia), T\u00e1chira (salvo municipios fronterizos), Apure (salvo municipios fronterizos), Bol\u00edvar (salvo Santa Elena de Uair\u00e9n), Aragua, Distrito Capital, Miranda, Sucre (salvo Cuman\u00e1), Falc\u00f3n, Anzo\u00e1tegui y Yaracuy.<\/div>\n<div><\/div>\n<div>En el nivel tres, se incorpora a los estados Amazonas, Barinas, Cojedes, Delta Amacuro, Lara, Monagas, Nueva Esparta, Portuguesa y La Guaira, quienes podr\u00e1n realizar la actividad econ\u00f3mica de los sectores construcci\u00f3n, consultorios m\u00e9dicos, odontol\u00f3gicos, peluquer\u00eda, servicios personalizados de plomer\u00eda, refrigeraci\u00f3n, agencias bancarias, seguros, servicios de valores, ferreter\u00edas, talleres mec\u00e1nicos, auto lavados, \u00f3pticas, lavander\u00edas, reparaci\u00f3n electr\u00f3nica, sector comercio, centros comerciales, registros y notar\u00edas y servicios de encomiendas, as\u00ed como los centros veterinarios y los gimnasios.<\/div>\n<\/div>\n<div><\/div>\n<div><\/div>\n<div><\/div>\n<div><\/div>\n<h6><em>VTV\/ Gr\u00e1fica: Cortes\u00eda<\/em><\/h6>\n","protected":false},"excerpt":{"rendered":"<p>El esquema de flexibilizaci\u00f3n venezolano de 7+7, se aplicar\u00e1 en tres niveles que ir\u00e1n desde la cuarentena radical, hasta la flexibilizaci\u00f3n general para la actividad de los 24 sectores de&hellip; <\/p>\n","protected":false},"author":1,"featured_media":650,"comment_status":"closed","ping_status":"closed","sticky":false,"template":"","format":"standard","meta":{"footnotes":""},"categories":[52,41],"tags":[],"class_list":["post-649","post","type-post","status-publish","format-standard","has-post-thumbnail","hentry","category-destacadas","category-pais"],"_links":{"self":[{"href":"https:\/\/ciudadtrujillo.com\/index.php?rest_route=\/wp\/v2\/posts\/649","targetHints":{"allow":["GET"]}}],"collection":[{"href":"https:\/\/ciudadtrujillo.com\/index.php?rest_route=\/wp\/v2\/posts"}],"about":[{"href":"https:\/\/ciudadtrujillo.com\/index.php?rest_route=\/wp\/v2\/types\/post"}],"author":[{"embeddable":true,"href":"https:\/\/ciudadtrujillo.com\/index.php?rest_route=\/wp\/v2\/users\/1"}],"replies":[{"embeddable":true,"href":"https:\/\/ciudadtrujillo.com\/index.php?rest_route=%2Fwp%2Fv2%2Fcomments&post=649"}],"version-history":[{"count":1,"href":"https:\/\/ciudadtrujillo.com\/index.php?rest_route=\/wp\/v2\/posts\/649\/revisions"}],"predecessor-version":[{"id":651,"href":"https:\/\/ciudadtrujillo.com\/index.php?rest_route=\/wp\/v2\/posts\/649\/revisions\/651"}],"wp:featuredmedia":[{"embeddable":true,"href":"https:\/\/ciudadtrujillo.com\/index.php?rest_route=\/wp\/v2\/media\/650"}],"wp:attachment":[{"href":"https:\/\/ciudadtrujillo.com\/index.php?rest_route=%2Fwp%2Fv2%2Fmedia&parent=649"}],"wp:term":[{"taxonomy":"category","embeddable":true,"href":"https:\/\/ciudadtrujillo.com\/index.php?rest_route=%2Fwp%2Fv2%2Fcategories&post=649"},{"taxonomy":"post_tag","embeddable":true,"href":"https:\/\/ciudadtrujillo.com\/index.php?rest_route=%2Fwp%2Fv2%2Ftags&post=649"}],"curies":[{"name":"wp","href":"https:\/\/api.w.org\/{rel}","templated":true}]}}