{"id":643,"date":"2020-07-10T16:09:41","date_gmt":"2020-07-10T16:09:41","guid":{"rendered":"http:\/\/ciudadtrujillo.com\/?p=643"},"modified":"2020-07-10T16:09:41","modified_gmt":"2020-07-10T16:09:41","slug":"pc-realiza-jornada-de-orientacion-y-sensibilizacion-para-prevenir-covid-19","status":"publish","type":"post","link":"https:\/\/ciudadtrujillo.com\/?p=643","title":{"rendered":"PC realiza jornada de orientaci\u00f3n y sensibilizaci\u00f3n para prevenir Covid-19"},"content":{"rendered":"<p>El personal del Servicio Aut\u00f3nomo de Protecci\u00f3n Civil y Administraci\u00f3n de Desastres (Saprociad) se encuentran desplegado en los principales establecimientos comerciales y puntos de mayor concurrencia de personas, con el objetivo se seguir orientando y sensibilizando a la poblaci\u00f3n para prevenir la Covid-19.<\/p>\n<p>\u201cNuestro personal de @trujillopcad el d\u00eda de ayer #8Jul abordaron los Mercados del Municipio Trujillo y Valera ofreciendo la mejor informaci\u00f3n acerca de la prevenci\u00f3n del Covid-19 y el uso adecuado del tapaboca\u201d, public\u00f3 la instituci\u00f3n en la su cuenta en la red social Twitter.<\/p>\n<p>De igual forma fue abordado el mercado de buhoneros de la capital trujillana, ubicado en el sector centro, parroquia Matriz, al lado del Banco Bicentenario. En la ciudad de Valera tambi\u00e9n se replic\u00f3 esta actividad. \u201cPersonal de @trujillopcad y @pcadvalera en conjunto con el Director de Turismo de la Gobernaci\u00f3n del Estado Mario P\u00e9rez Rangel y la @AlcaldiaValera\u00a0\u00a0realizaron recorrido y sensibilizaci\u00f3n para garantizar cumplimiento de la cuarentena en el Mercado Central La Paz Valera\u201d, public\u00f3.<\/p>\n<p>&nbsp;<\/p>\n<p>&nbsp;<\/p>\n<h6><em>Banesa Angulo Barreto\/Gr\u00e1ficas: Cortes\u00eda<\/em><\/h6>\n","protected":false},"excerpt":{"rendered":"<p>El personal del Servicio Aut\u00f3nomo de Protecci\u00f3n Civil y Administraci\u00f3n de Desastres (Saprociad) se encuentran desplegado en los principales establecimientos comerciales y puntos de mayor concurrencia de personas, con el&hellip; <\/p>\n","protected":false},"author":1,"featured_media":644,"comment_status":"closed","ping_status":"closed","sticky":false,"template":"","format":"standard","meta":{"footnotes":""},"categories":[40],"tags":[],"class_list":["post-643","post","type-post","status-publish","format-standard","has-post-thumbnail","hentry","category-grantrujillo"],"_links":{"self":[{"href":"https:\/\/ciudadtrujillo.com\/index.php?rest_route=\/wp\/v2\/posts\/643","targetHints":{"allow":["GET"]}}],"collection":[{"href":"https:\/\/ciudadtrujillo.com\/index.php?rest_route=\/wp\/v2\/posts"}],"about":[{"href":"https:\/\/ciudadtrujillo.com\/index.php?rest_route=\/wp\/v2\/types\/post"}],"author":[{"embeddable":true,"href":"https:\/\/ciudadtrujillo.com\/index.php?rest_route=\/wp\/v2\/users\/1"}],"replies":[{"embeddable":true,"href":"https:\/\/ciudadtrujillo.com\/index.php?rest_route=%2Fwp%2Fv2%2Fcomments&post=643"}],"version-history":[{"count":1,"href":"https:\/\/ciudadtrujillo.com\/index.php?rest_route=\/wp\/v2\/posts\/643\/revisions"}],"predecessor-version":[{"id":645,"href":"https:\/\/ciudadtrujillo.com\/index.php?rest_route=\/wp\/v2\/posts\/643\/revisions\/645"}],"wp:featuredmedia":[{"embeddable":true,"href":"https:\/\/ciudadtrujillo.com\/index.php?rest_route=\/wp\/v2\/media\/644"}],"wp:attachment":[{"href":"https:\/\/ciudadtrujillo.com\/index.php?rest_route=%2Fwp%2Fv2%2Fmedia&parent=643"}],"wp:term":[{"taxonomy":"category","embeddable":true,"href":"https:\/\/ciudadtrujillo.com\/index.php?rest_route=%2Fwp%2Fv2%2Fcategories&post=643"},{"taxonomy":"post_tag","embeddable":true,"href":"https:\/\/ciudadtrujillo.com\/index.php?rest_route=%2Fwp%2Fv2%2Ftags&post=643"}],"curies":[{"name":"wp","href":"https:\/\/api.w.org\/{rel}","templated":true}]}}