{"id":640,"date":"2020-07-10T16:07:08","date_gmt":"2020-07-10T16:07:08","guid":{"rendered":"http:\/\/ciudadtrujillo.com\/?p=640"},"modified":"2020-07-10T16:07:08","modified_gmt":"2020-07-10T16:07:08","slug":"ejecutan-jornada-de-embellecimiento-y-desinfeccion-en-san-rafael-de-carvajal","status":"publish","type":"post","link":"https:\/\/ciudadtrujillo.com\/?p=640","title":{"rendered":"Ejecutan jornada de embellecimiento y desinfecci\u00f3n en San Rafael de Carvajal"},"content":{"rendered":"<p style=\"font-weight: 400;\">En el municipio San Rafael de Carvajal, del estado Trujillo, se llev\u00f3 a cabo la d\u00e9cimo tercera jornada del Plan Nacional de Limpieza, Embellecimiento y Desinfecci\u00f3n contra el covid-19, instruido por el presidente Nicol\u00e1s Maduro para la contenci\u00f3n del virus.<\/p>\n<p style=\"font-weight: 400;\">Al respecto, el alcalde de la jurisdicci\u00f3n, Alfredo Barrios, inform\u00f3 que esta jornada impact\u00f3 los espacios p\u00fablicos m\u00e1s concurridos de la entidad, con la finalidad de reducir el riesgo de contagio del coronavirus.<\/p>\n<p style=\"font-weight: 400;\">\u201cEstamos siguiendo los lineamientos de nuestro presidente Nicol\u00e1s Maduro con esta jornada de desinfecci\u00f3n, la cual es una estrategia importante para tratar de cortar la cadena de contagio de este virus que est\u00e1 amenazando a todo el mundo\u201d, destac\u00f3.<\/p>\n<p style=\"font-weight: 400;\">Detall\u00f3 que en dicha jornada estuvieron desplegados el equipo de Barrio Nuevo Barrio Tricolor (Bnbt), Protecci\u00f3n Civil (PC)\u00a0regional y municipal; adem\u00e1s de la Empresa de Mantenimiento, Aseo y Ornato (Emao).<\/p>\n<p style=\"font-weight: 400;\">Asimismo, el alcalde pidi\u00f3 al pueblo la mayor conciencia y disciplina durante la cuarentena social y colectiva. \u201cTenemos todos que hacer un gran esfuerzo para que salgamos pronto de esta situaci\u00f3n\u201d, expres\u00f3.<\/p>\n<p style=\"font-weight: 400;\">Los municipios del estado Trujillo que hasta ahora han sido impactados con estas jornadas de embellecimiento y desinfecci\u00f3n son Bocon\u00f3, Trujillo, Valera, Pampanito, Betijoque, Escuque, Sucre, Miranda y Motat\u00e1n.<\/p>\n<p>&nbsp;<\/p>\n<p>&nbsp;<\/p>\n<p>&nbsp;<\/p>\n<h6><em>Yelimar Hidalgo\/Gr\u00e1fica: Cortes\u00eda<\/em><\/h6>\n","protected":false},"excerpt":{"rendered":"<p>En el municipio San Rafael de Carvajal, del estado Trujillo, se llev\u00f3 a cabo la d\u00e9cimo tercera jornada del Plan Nacional de Limpieza, Embellecimiento y Desinfecci\u00f3n contra el covid-19, instruido&hellip; <\/p>\n","protected":false},"author":1,"featured_media":641,"comment_status":"closed","ping_status":"closed","sticky":false,"template":"","format":"standard","meta":{"footnotes":""},"categories":[40],"tags":[],"class_list":["post-640","post","type-post","status-publish","format-standard","has-post-thumbnail","hentry","category-grantrujillo"],"_links":{"self":[{"href":"https:\/\/ciudadtrujillo.com\/index.php?rest_route=\/wp\/v2\/posts\/640","targetHints":{"allow":["GET"]}}],"collection":[{"href":"https:\/\/ciudadtrujillo.com\/index.php?rest_route=\/wp\/v2\/posts"}],"about":[{"href":"https:\/\/ciudadtrujillo.com\/index.php?rest_route=\/wp\/v2\/types\/post"}],"author":[{"embeddable":true,"href":"https:\/\/ciudadtrujillo.com\/index.php?rest_route=\/wp\/v2\/users\/1"}],"replies":[{"embeddable":true,"href":"https:\/\/ciudadtrujillo.com\/index.php?rest_route=%2Fwp%2Fv2%2Fcomments&post=640"}],"version-history":[{"count":1,"href":"https:\/\/ciudadtrujillo.com\/index.php?rest_route=\/wp\/v2\/posts\/640\/revisions"}],"predecessor-version":[{"id":642,"href":"https:\/\/ciudadtrujillo.com\/index.php?rest_route=\/wp\/v2\/posts\/640\/revisions\/642"}],"wp:featuredmedia":[{"embeddable":true,"href":"https:\/\/ciudadtrujillo.com\/index.php?rest_route=\/wp\/v2\/media\/641"}],"wp:attachment":[{"href":"https:\/\/ciudadtrujillo.com\/index.php?rest_route=%2Fwp%2Fv2%2Fmedia&parent=640"}],"wp:term":[{"taxonomy":"category","embeddable":true,"href":"https:\/\/ciudadtrujillo.com\/index.php?rest_route=%2Fwp%2Fv2%2Fcategories&post=640"},{"taxonomy":"post_tag","embeddable":true,"href":"https:\/\/ciudadtrujillo.com\/index.php?rest_route=%2Fwp%2Fv2%2Ftags&post=640"}],"curies":[{"name":"wp","href":"https:\/\/api.w.org\/{rel}","templated":true}]}}