{"id":629,"date":"2020-07-10T00:06:10","date_gmt":"2020-07-10T00:06:10","guid":{"rendered":"http:\/\/ciudadtrujillo.com\/?p=629"},"modified":"2020-07-10T00:06:10","modified_gmt":"2020-07-10T00:06:10","slug":"alcaldia-de-trujillo-instala-bomba-sumergible-en-la-parroquia-tres-esquinas","status":"publish","type":"post","link":"https:\/\/ciudadtrujillo.com\/?p=629","title":{"rendered":"Alcald\u00eda de Trujillo instala bomba sumergible en la parroquia Tres Esquinas"},"content":{"rendered":"<p>Gracias a la articulaci\u00f3n con el Sistema Hidr\u00e1ulico Trujillano, Hidrol\u00f3gica de la Cordillera Andina (Hidroandes) y la Gran Misi\u00f3n Barrio Nuevo Barrio Tricolor (Gmbnbt), la alcald\u00eda del municipio Trujillo, realiz\u00f3 con total \u00e9xito la instalaci\u00f3n de la bomba sumergible en el pozo n\u00famero 3 de agua potable en la parroquia Tres Esquinas, el cual surte del preciado l\u00edquido a m\u00e1s de 10 mil familias de la localidad.<\/p>\n<p>En este sentido,\u00a0Angerson Hern\u00e1ndez expres\u00f3 que \u201csiguiendo las l\u00edneas emanadas por nuestro presidente Nicol\u00e1s Maduro y el gobernador Henry Rangel Silva hemos logrado la reactivaci\u00f3n del pozo de agua potable n\u00famero 3, en un corto per\u00edodo de tiempo, siendo este un logro m\u00e1s de la Revoluci\u00f3n Bolivariana que trabaja articuladamente con el poder popular\u201d.<\/p>\n<p>Por su parte, la concejal y presidenta de la Comisi\u00f3n de Servicios P\u00fablicos del Concejo Municipal de Trujillo, Yesenia Raga, reconoci\u00f3 el esfuerzo que desde el gobierno regional se realiza para garantizar los servicios en las comunidades.<\/p>\n<p>\u201cDesde la parroquia Tres Esquinas nos sentimos muy agradecidos por la pronta respuesta de los entes gubernamentales que se abocaron a la reactivaci\u00f3n de este sistema de distribuci\u00f3n de agua potable necesario para dar un servicio \u00f3ptimo a los habitantes del sector\u201d.<\/p>\n<p>Por otra parte el corregidor municipal inform\u00f3 acerca de los trabajos que se est\u00e1n desarrollando en la Av. Cruz Carrillo para la recuperaci\u00f3n del alumbrado p\u00fablico y el embellecimiento de la plaza Cruz de la Misi\u00f3n en el marco del plan Farol de la Patria.<\/p>\n<p>&nbsp;<\/p>\n<p>&nbsp;<\/p>\n<p>&nbsp;<\/p>\n<h6><em>Prensa alcald\u00eda de Trujillo\/Gr\u00e1fica: Cortes\u00eda<\/em><\/h6>\n","protected":false},"excerpt":{"rendered":"<p>Gracias a la articulaci\u00f3n con el Sistema Hidr\u00e1ulico Trujillano, Hidrol\u00f3gica de la Cordillera Andina (Hidroandes) y la Gran Misi\u00f3n Barrio Nuevo Barrio Tricolor (Gmbnbt), la alcald\u00eda del municipio Trujillo, realiz\u00f3&hellip; <\/p>\n","protected":false},"author":1,"featured_media":630,"comment_status":"closed","ping_status":"closed","sticky":false,"template":"","format":"standard","meta":{"footnotes":""},"categories":[40],"tags":[],"class_list":["post-629","post","type-post","status-publish","format-standard","has-post-thumbnail","hentry","category-grantrujillo"],"_links":{"self":[{"href":"https:\/\/ciudadtrujillo.com\/index.php?rest_route=\/wp\/v2\/posts\/629","targetHints":{"allow":["GET"]}}],"collection":[{"href":"https:\/\/ciudadtrujillo.com\/index.php?rest_route=\/wp\/v2\/posts"}],"about":[{"href":"https:\/\/ciudadtrujillo.com\/index.php?rest_route=\/wp\/v2\/types\/post"}],"author":[{"embeddable":true,"href":"https:\/\/ciudadtrujillo.com\/index.php?rest_route=\/wp\/v2\/users\/1"}],"replies":[{"embeddable":true,"href":"https:\/\/ciudadtrujillo.com\/index.php?rest_route=%2Fwp%2Fv2%2Fcomments&post=629"}],"version-history":[{"count":1,"href":"https:\/\/ciudadtrujillo.com\/index.php?rest_route=\/wp\/v2\/posts\/629\/revisions"}],"predecessor-version":[{"id":631,"href":"https:\/\/ciudadtrujillo.com\/index.php?rest_route=\/wp\/v2\/posts\/629\/revisions\/631"}],"wp:featuredmedia":[{"embeddable":true,"href":"https:\/\/ciudadtrujillo.com\/index.php?rest_route=\/wp\/v2\/media\/630"}],"wp:attachment":[{"href":"https:\/\/ciudadtrujillo.com\/index.php?rest_route=%2Fwp%2Fv2%2Fmedia&parent=629"}],"wp:term":[{"taxonomy":"category","embeddable":true,"href":"https:\/\/ciudadtrujillo.com\/index.php?rest_route=%2Fwp%2Fv2%2Fcategories&post=629"},{"taxonomy":"post_tag","embeddable":true,"href":"https:\/\/ciudadtrujillo.com\/index.php?rest_route=%2Fwp%2Fv2%2Ftags&post=629"}],"curies":[{"name":"wp","href":"https:\/\/api.w.org\/{rel}","templated":true}]}}