{"id":620,"date":"2020-07-09T23:36:32","date_gmt":"2020-07-09T23:36:32","guid":{"rendered":"http:\/\/ciudadtrujillo.com\/?p=620"},"modified":"2020-07-09T23:36:32","modified_gmt":"2020-07-09T23:36:32","slug":"gobierno-regional-potencia-cultivo-de-maiz-en-candelaria","status":"publish","type":"post","link":"https:\/\/ciudadtrujillo.com\/?p=620","title":{"rendered":"Gobierno regional potencia cultivo de ma\u00edz en Candelaria"},"content":{"rendered":"<p>Este jueves el gobernador del estado Trujillo, Henry Rangel Silva, junto a la alcaldesa del municipio Candelaria, Carmen Elena Ben\u00edtez y dem\u00e1s autoridades regionales, realiz\u00f3 la entrega de semilla de ma\u00edz amarillo a productores de la parroquia Chejend\u00e9, como parte del Plan de Siembra 2020 que se impulsa en la entidad.<\/p>\n<p><img loading=\"lazy\" decoding=\"async\" class=\" wp-image-624 aligncenter\" src=\"https:\/\/ciudadtrujillo.com\/wp-content\/uploads\/2020\/07\/19-300x200.jpg\" alt=\"\" width=\"387\" height=\"258\" srcset=\"https:\/\/ciudadtrujillo.com\/wp-content\/uploads\/2020\/07\/19-300x200.jpg 300w, https:\/\/ciudadtrujillo.com\/wp-content\/uploads\/2020\/07\/19.jpg 640w\" sizes=\"auto, (max-width: 387px) 100vw, 387px\" \/><\/p>\n<p>En este sentido, el mandatario regional destac\u00f3 que mediante la comisi\u00f3n productiva del Partido Socialista Unido de Venezuela (Psuv) en el estado, se activa el plan para promover la actividad agr\u00edcola, \u201cse trata de estar con nuestros militantes del partido, agricultores y agricultoras con los terrenos ya dispuestos para hacer la siembra, en este caso, ma\u00edz amarillo\u201d.<\/p>\n<p>Asimismo, inform\u00f3 que cerca de 200 hect\u00e1reas van a ser sembradas en esta parroquia durante el venidero ciclo de siembra que comienza en agosto, reafirmando el apoyo que brinda el partido a los productores del estado, \u201ceste plan busca afianzar la vigencia que tiene el Psuv, no solamente en lo pol\u00edtico, en lo social, sino tambi\u00e9n en lo productivo\u201d.<\/p>\n<h3>Otras semillas<\/h3>\n<p>Rangel Silva anunci\u00f3 que pr\u00f3ximamente se realizar\u00e1 la entrega de semilla de caraotas en los distintos municipios de la entidad para que los productores militantes del Psuv inicien la siembra de este rubro,<\/p>\n<blockquote><p><img loading=\"lazy\" decoding=\"async\" width=\"300\" height=\"200\" class=\"alignnone wp-image-622 alignright\" title=\"HENRY RANGEL SILVA\" src=\"https:\/\/ciudadtrujillo.com\/wp-content\/uploads\/2020\/07\/20-300x200.jpg\" alt=\" HENRY RANGEL SILVA \" srcset=\"https:\/\/ciudadtrujillo.com\/wp-content\/uploads\/2020\/07\/20-300x200.jpg 300w, https:\/\/ciudadtrujillo.com\/wp-content\/uploads\/2020\/07\/20.jpg 640w\" sizes=\"auto, (max-width: 300px) 100vw, 300px\" \/><\/p>\n<p>&nbsp;<\/p>\n<p>\u201cgracias a los trabajadores del campo, a sus labores agr\u00edcolas va a ser posible que les llegue el alimento al pueblo\u201d.<\/p><\/blockquote>\n<p>&nbsp;<\/p>\n<p>&nbsp;<\/p>\n<p>&nbsp;<\/p>\n<p>&nbsp;<\/p>\n<p>Cabe destacar que estos planes se realizan gracias a la articulaci\u00f3n entre el Ministerio del Poder Popular para la Agricultura y Tierras (Mppat), el Psuv, los l\u00edderes de comunidad, la militancia de base y el Poder Popular.<\/p>\n<p>Al respecto, la alcaldesa del municipio candelaria, Carmen Elena Ben\u00edtez, resalt\u00f3 el papel que ha venido realizando el partido el frente productivo de las comunidades para la entrega de semillas, \u201clos productores han recibido la semilla para que cuando llegue el ciclo de siembra producir esa semilla en sus matas de ma\u00edz y darle a nuestro pueblo y tambi\u00e9n a todo el estado Trujillo y donde tenga que llegar el producto final\u201d.<\/p>\n<p><img loading=\"lazy\" decoding=\"async\" class=\" wp-image-623 aligncenter\" src=\"https:\/\/ciudadtrujillo.com\/wp-content\/uploads\/2020\/07\/6-300x227.jpg\" alt=\"\" width=\"385\" height=\"291\" srcset=\"https:\/\/ciudadtrujillo.com\/wp-content\/uploads\/2020\/07\/6-300x227.jpg 300w, https:\/\/ciudadtrujillo.com\/wp-content\/uploads\/2020\/07\/6.jpg 634w\" sizes=\"auto, (max-width: 385px) 100vw, 385px\" \/><\/p>\n<p>Del mismo, exalt\u00f3 que desde el municipio se seguir\u00e1 resaltando la labor hecha por el Comandante Ch\u00e1vez, \u201cese legado hermoso que dej\u00f3 en la producci\u00f3n en los campesinos, en el pueblo y la que viene realizando nuestro presidente Nicol\u00e1s Maduro, sigamos juntos vamos hacia la Revoluci\u00f3n Productiva en el estado Trujillo\u201d, finaliz\u00f3 Ben\u00edtez.<\/p>\n<p>A trav\u00e9s del desarrollo de estos proyectos agr\u00edcolas se sigue sumando acciones que afianzan la consolidaci\u00f3n del Trujillo Potencia.<\/p>\n<p>Recientemente, este plan impact\u00f3 a los municipios Pamp\u00e1n y Escuque con la entrega de m\u00e1s de dos mil kilos de semilla de ma\u00edz para continuar fortaleciendo la producci\u00f3n en el estado.<\/p>\n<p>Se prev\u00e9 la siembra de mil 40 hect\u00e1reas principalmente en los ejes de desarrollo agropecuario, agropesquero y agrocafetalero; siendo las localidades m\u00e1s favorecidas con este cultivo: Pamp\u00e1n, Carache, Candelaria, Sucre, Miranda, Trujillo y Andr\u00e9s Bello.<\/p>\n<p>&nbsp;<\/p>\n<p>&nbsp;<\/p>\n<p>&nbsp;<\/p>\n<h6><em>Yarlenis Albarr\u00e1n\/Gr\u00e1ficas: Douglas Rivas<\/em><\/h6>\n","protected":false},"excerpt":{"rendered":"<p>Este jueves el gobernador del estado Trujillo, Henry Rangel Silva, junto a la alcaldesa del municipio Candelaria, Carmen Elena Ben\u00edtez y dem\u00e1s autoridades regionales, realiz\u00f3 la entrega de semilla de&hellip; <\/p>\n","protected":false},"author":1,"featured_media":621,"comment_status":"closed","ping_status":"closed","sticky":false,"template":"","format":"standard","meta":{"footnotes":""},"categories":[52,40],"tags":[],"class_list":["post-620","post","type-post","status-publish","format-standard","has-post-thumbnail","hentry","category-destacadas","category-grantrujillo"],"_links":{"self":[{"href":"https:\/\/ciudadtrujillo.com\/index.php?rest_route=\/wp\/v2\/posts\/620","targetHints":{"allow":["GET"]}}],"collection":[{"href":"https:\/\/ciudadtrujillo.com\/index.php?rest_route=\/wp\/v2\/posts"}],"about":[{"href":"https:\/\/ciudadtrujillo.com\/index.php?rest_route=\/wp\/v2\/types\/post"}],"author":[{"embeddable":true,"href":"https:\/\/ciudadtrujillo.com\/index.php?rest_route=\/wp\/v2\/users\/1"}],"replies":[{"embeddable":true,"href":"https:\/\/ciudadtrujillo.com\/index.php?rest_route=%2Fwp%2Fv2%2Fcomments&post=620"}],"version-history":[{"count":4,"href":"https:\/\/ciudadtrujillo.com\/index.php?rest_route=\/wp\/v2\/posts\/620\/revisions"}],"predecessor-version":[{"id":628,"href":"https:\/\/ciudadtrujillo.com\/index.php?rest_route=\/wp\/v2\/posts\/620\/revisions\/628"}],"wp:featuredmedia":[{"embeddable":true,"href":"https:\/\/ciudadtrujillo.com\/index.php?rest_route=\/wp\/v2\/media\/621"}],"wp:attachment":[{"href":"https:\/\/ciudadtrujillo.com\/index.php?rest_route=%2Fwp%2Fv2%2Fmedia&parent=620"}],"wp:term":[{"taxonomy":"category","embeddable":true,"href":"https:\/\/ciudadtrujillo.com\/index.php?rest_route=%2Fwp%2Fv2%2Fcategories&post=620"},{"taxonomy":"post_tag","embeddable":true,"href":"https:\/\/ciudadtrujillo.com\/index.php?rest_route=%2Fwp%2Fv2%2Ftags&post=620"}],"curies":[{"name":"wp","href":"https:\/\/api.w.org\/{rel}","templated":true}]}}