{"id":51916,"date":"2026-04-30T23:03:27","date_gmt":"2026-05-01T03:03:27","guid":{"rendered":"https:\/\/ciudadtrujillo.com\/?p=51916"},"modified":"2026-04-30T23:03:27","modified_gmt":"2026-05-01T03:03:27","slug":"alcaldia-de-miranda-trabaja-en-rehabilitacion-del-sistema-de-agua-potable-en-el-dividive","status":"publish","type":"post","link":"https:\/\/ciudadtrujillo.com\/?p=51916","title":{"rendered":"Alcald\u00eda de Miranda trabaja en rehabilitaci\u00f3n del sistema de agua potable en El Dividive"},"content":{"rendered":"<p style=\"text-align: justify;\">\u200eEl alcalde del municipio Miranda, Jhonny Gonz\u00e1lez, inform\u00f3 acerca de los trabajos de rehabilitaci\u00f3n del sistema de agua potable en la parroquia El Dividive, que ha presentando dicha problem\u00e1tica con la inoperatividad del servicio.<br \/>\n\u200e<br \/>\n\u200eGonz\u00e1lez destac\u00f3 que con la sustituci\u00f3n e instalaci\u00f3n de un motor de 87 Hp, una bomba 75 HP totalmente nueva, tablero y 200 mts aproximadamente de cable N\u00b0 2, se lograr\u00e1 la reactivaci\u00f3n del pozo I de agua potable de esta comunidad para garantizar su \u00f3ptimo funcionamiento, cuya obra favorecer\u00e1 directamente a m\u00e1s del 80% familias de la zona, mejorando significativamente su calidad de vida y las condiciones sanitarias.<br \/>\n\u200e<br \/>\n\u200eAsever\u00f3 que este logro ha sido posible gracias al apoyo de la Presidenta Encargada (E) Delcy Rodr\u00edguez, del ministro de Atenci\u00f3n de las Aguas, Carlos Mast Yustiz y del gobernador Gerardo M\u00e1rquez.<br \/>\n\u200e<br \/>\n\u200eAdem\u00e1s, el alcalde destac\u00f3 que, en aras de seguir trabajando en la optimizaci\u00f3n de los servicios p\u00fablicos en el municipio, se recibir\u00e1 una banca de transformadores de alta capacidad destinado al sistema de distribuci\u00f3n de energ\u00eda que garantiza la correcta operatividad de los elementos asociados al pozo profundo. Esta acci\u00f3n prioritaria busca dar una soluci\u00f3n a la problem\u00e1tica que afecta a las diversos sectores de la localidad.<\/p>\n<p>&nbsp;<\/p>\n<p>&nbsp;<\/p>\n<h6>Prensa Alcald\u00eda del municipio Miranda<\/h6>\n","protected":false},"excerpt":{"rendered":"<p>\u200eEl alcalde del municipio Miranda, Jhonny Gonz\u00e1lez, inform\u00f3 acerca de los trabajos de rehabilitaci\u00f3n del sistema de agua potable en la parroquia El Dividive, que ha presentando dicha problem\u00e1tica con&hellip; <\/p>\n","protected":false},"author":7,"featured_media":51917,"comment_status":"closed","ping_status":"closed","sticky":false,"template":"","format":"standard","meta":{"footnotes":""},"categories":[40],"tags":[],"class_list":["post-51916","post","type-post","status-publish","format-standard","has-post-thumbnail","hentry","category-grantrujillo"],"_links":{"self":[{"href":"https:\/\/ciudadtrujillo.com\/index.php?rest_route=\/wp\/v2\/posts\/51916","targetHints":{"allow":["GET"]}}],"collection":[{"href":"https:\/\/ciudadtrujillo.com\/index.php?rest_route=\/wp\/v2\/posts"}],"about":[{"href":"https:\/\/ciudadtrujillo.com\/index.php?rest_route=\/wp\/v2\/types\/post"}],"author":[{"embeddable":true,"href":"https:\/\/ciudadtrujillo.com\/index.php?rest_route=\/wp\/v2\/users\/7"}],"replies":[{"embeddable":true,"href":"https:\/\/ciudadtrujillo.com\/index.php?rest_route=%2Fwp%2Fv2%2Fcomments&post=51916"}],"version-history":[{"count":1,"href":"https:\/\/ciudadtrujillo.com\/index.php?rest_route=\/wp\/v2\/posts\/51916\/revisions"}],"predecessor-version":[{"id":51918,"href":"https:\/\/ciudadtrujillo.com\/index.php?rest_route=\/wp\/v2\/posts\/51916\/revisions\/51918"}],"wp:featuredmedia":[{"embeddable":true,"href":"https:\/\/ciudadtrujillo.com\/index.php?rest_route=\/wp\/v2\/media\/51917"}],"wp:attachment":[{"href":"https:\/\/ciudadtrujillo.com\/index.php?rest_route=%2Fwp%2Fv2%2Fmedia&parent=51916"}],"wp:term":[{"taxonomy":"category","embeddable":true,"href":"https:\/\/ciudadtrujillo.com\/index.php?rest_route=%2Fwp%2Fv2%2Fcategories&post=51916"},{"taxonomy":"post_tag","embeddable":true,"href":"https:\/\/ciudadtrujillo.com\/index.php?rest_route=%2Fwp%2Fv2%2Ftags&post=51916"}],"curies":[{"name":"wp","href":"https:\/\/api.w.org\/{rel}","templated":true}]}}