{"id":51913,"date":"2026-04-30T23:01:32","date_gmt":"2026-05-01T03:01:32","guid":{"rendered":"https:\/\/ciudadtrujillo.com\/?p=51913"},"modified":"2026-04-30T23:01:32","modified_gmt":"2026-05-01T03:01:32","slug":"venezuela-vibrara-con-gran-concierto-nacional-por-la-paz-y-contra-las-sanciones-este-1-de-mayo","status":"publish","type":"post","link":"https:\/\/ciudadtrujillo.com\/?p=51913","title":{"rendered":"Venezuela vibrar\u00e1 con gran concierto nacional por la paz y contra las sanciones este 1 de mayo"},"content":{"rendered":"<p style=\"text-align: justify;\">El presidente de la Asamblea Nacional (AN), Jorge Rodr\u00edguez, anunci\u00f3 la celebraci\u00f3n de un concierto especial por la paz y la unidad nacional este viernes 1 de mayo. La ciudad de Barcelona sirvi\u00f3 como escenario para informar que este evento funcionar\u00e1 como un regalo dedicado a los trabajadores, mujeres y j\u00f3venes venezolanos. El festival se ejecutar\u00e1 en los espacios de La Carlota en la ciudad capital, donde dispusieron ocho tarimas para recibir a diversos artistas nacionales e internacionales.<\/p>\n<p style=\"text-align: justify;\">Rodr\u00edguez destac\u00f3 que el encuentro musical busc\u00f3 la uni\u00f3n de todos los sectores del pa\u00eds a trav\u00e9s de un mensaje de cohesi\u00f3n y fraternidad. El jefe del parlamento enfatiz\u00f3 que Venezuela tiene el derecho irrenunciable a construir su prosperidad libre de medidas coercitivas unilaterales. Por esta raz\u00f3n, el evento integr\u00f3 diferentes g\u00e9neros r\u00edtmicos para manifestar un canto contundente contra las sanciones y a favor del desarrollo.<\/p>\n<p style=\"text-align: justify;\">El Gobierno nacional invit\u00f3 a toda la ciudadan\u00eda a participar en esta jornada de celebraci\u00f3n que reivindic\u00f3 el derecho a la paz en el territorio. La actividad representa un esfuerzo por consolidar la armon\u00eda colectiva y el reconocimiento al esfuerzo diario de la clase obrera del pa\u00eds.<\/p>\n<p>&nbsp;<\/p>\n<p>&nbsp;<\/p>\n<h6>PSUV<\/h6>\n","protected":false},"excerpt":{"rendered":"<p>El presidente de la Asamblea Nacional (AN), Jorge Rodr\u00edguez, anunci\u00f3 la celebraci\u00f3n de un concierto especial por la paz y la unidad nacional este viernes 1 de mayo. La ciudad&hellip; <\/p>\n","protected":false},"author":7,"featured_media":51914,"comment_status":"closed","ping_status":"closed","sticky":false,"template":"","format":"standard","meta":{"footnotes":""},"categories":[41],"tags":[],"class_list":["post-51913","post","type-post","status-publish","format-standard","has-post-thumbnail","hentry","category-pais"],"_links":{"self":[{"href":"https:\/\/ciudadtrujillo.com\/index.php?rest_route=\/wp\/v2\/posts\/51913","targetHints":{"allow":["GET"]}}],"collection":[{"href":"https:\/\/ciudadtrujillo.com\/index.php?rest_route=\/wp\/v2\/posts"}],"about":[{"href":"https:\/\/ciudadtrujillo.com\/index.php?rest_route=\/wp\/v2\/types\/post"}],"author":[{"embeddable":true,"href":"https:\/\/ciudadtrujillo.com\/index.php?rest_route=\/wp\/v2\/users\/7"}],"replies":[{"embeddable":true,"href":"https:\/\/ciudadtrujillo.com\/index.php?rest_route=%2Fwp%2Fv2%2Fcomments&post=51913"}],"version-history":[{"count":1,"href":"https:\/\/ciudadtrujillo.com\/index.php?rest_route=\/wp\/v2\/posts\/51913\/revisions"}],"predecessor-version":[{"id":51915,"href":"https:\/\/ciudadtrujillo.com\/index.php?rest_route=\/wp\/v2\/posts\/51913\/revisions\/51915"}],"wp:featuredmedia":[{"embeddable":true,"href":"https:\/\/ciudadtrujillo.com\/index.php?rest_route=\/wp\/v2\/media\/51914"}],"wp:attachment":[{"href":"https:\/\/ciudadtrujillo.com\/index.php?rest_route=%2Fwp%2Fv2%2Fmedia&parent=51913"}],"wp:term":[{"taxonomy":"category","embeddable":true,"href":"https:\/\/ciudadtrujillo.com\/index.php?rest_route=%2Fwp%2Fv2%2Fcategories&post=51913"},{"taxonomy":"post_tag","embeddable":true,"href":"https:\/\/ciudadtrujillo.com\/index.php?rest_route=%2Fwp%2Fv2%2Ftags&post=51913"}],"curies":[{"name":"wp","href":"https:\/\/api.w.org\/{rel}","templated":true}]}}