{"id":51910,"date":"2026-04-30T22:59:16","date_gmt":"2026-05-01T02:59:16","guid":{"rendered":"https:\/\/ciudadtrujillo.com\/?p=51910"},"modified":"2026-04-30T22:59:16","modified_gmt":"2026-05-01T02:59:16","slug":"ingreso-minimo-integral-sera-equivalente-a-240-y-para-los-pensionados-70","status":"publish","type":"post","link":"https:\/\/ciudadtrujillo.com\/?p=51910","title":{"rendered":"Ingreso M\u00ednimo Integral ser\u00e1 equivalente a $240 y para los pensionados $70"},"content":{"rendered":"<p style=\"text-align: justify;\">Desde el cierre de la Gran Peregrinaci\u00f3n Nacional por una Venezuela sin Sanciones y en Paz en Caracas, la presidenta (E) Delcy Rodr\u00edguez anunci\u00f3 que el Ingreso M\u00ednimo Integral de los trabajadores y trabajadoras del pa\u00eds, tendr\u00e1 un incremento equivalente a 240 d\u00f3lares, mientras que los pensionados y pensionadas recibir\u00e1n 70 d\u00f3lares.<\/p>\n<p style=\"text-align: justify;\">Durante su discurso, asegur\u00f3 que es el aumento m\u00e1s importante de los \u00faltimos a\u00f1os y se logra en unidad de todos los venezolanos. Refiri\u00f3 que \u00abhoy se ha suscrito un importante acuerdo en las mesas laborales y sociales, entre los sindicatos p\u00fablicos y privados, para cuidar el ingreso del pueblo\u00bb.<\/p>\n<p style=\"text-align: justify;\">La mandataria nacional inform\u00f3 que el incremento se pagar\u00e1 de manera retroactiva desde este 30 de abril y especific\u00f3 que el aumento a los pensionados representa un incremento del 40 por ciento.<\/p>\n<p style=\"text-align: justify;\">En este sentido, consider\u00f3 que falta mucho por hacer, sin embargo, destac\u00f3 que se han creado planes para la atenci\u00f3n de los abuelos y abuelas y pidi\u00f3 ir casa a casa a ver las necesidades m\u00e1s sentidas de los adultos mayores.<\/p>\n<p style=\"text-align: justify;\">De igual manera, se\u00f1al\u00f3 que el ministro del Poder Popular para el Proceso Social de Trabajo, Carlos Alexis Castillo, informar\u00e1 a detalles sobre el incremento e hizo un exhorto a las empresas privadas a aplicar desde ya este aumento en los casos donde no est\u00e9n establecidos los 240 d\u00f3lares.<\/p>\n<p>&nbsp;<\/p>\n<p>&nbsp;<\/p>\n<h6>VTV<\/h6>\n","protected":false},"excerpt":{"rendered":"<p>Desde el cierre de la Gran Peregrinaci\u00f3n Nacional por una Venezuela sin Sanciones y en Paz en Caracas, la presidenta (E) Delcy Rodr\u00edguez anunci\u00f3 que el Ingreso M\u00ednimo Integral de&hellip; <\/p>\n","protected":false},"author":7,"featured_media":51911,"comment_status":"closed","ping_status":"closed","sticky":false,"template":"","format":"standard","meta":{"footnotes":""},"categories":[41],"tags":[],"class_list":["post-51910","post","type-post","status-publish","format-standard","has-post-thumbnail","hentry","category-pais"],"_links":{"self":[{"href":"https:\/\/ciudadtrujillo.com\/index.php?rest_route=\/wp\/v2\/posts\/51910","targetHints":{"allow":["GET"]}}],"collection":[{"href":"https:\/\/ciudadtrujillo.com\/index.php?rest_route=\/wp\/v2\/posts"}],"about":[{"href":"https:\/\/ciudadtrujillo.com\/index.php?rest_route=\/wp\/v2\/types\/post"}],"author":[{"embeddable":true,"href":"https:\/\/ciudadtrujillo.com\/index.php?rest_route=\/wp\/v2\/users\/7"}],"replies":[{"embeddable":true,"href":"https:\/\/ciudadtrujillo.com\/index.php?rest_route=%2Fwp%2Fv2%2Fcomments&post=51910"}],"version-history":[{"count":1,"href":"https:\/\/ciudadtrujillo.com\/index.php?rest_route=\/wp\/v2\/posts\/51910\/revisions"}],"predecessor-version":[{"id":51912,"href":"https:\/\/ciudadtrujillo.com\/index.php?rest_route=\/wp\/v2\/posts\/51910\/revisions\/51912"}],"wp:featuredmedia":[{"embeddable":true,"href":"https:\/\/ciudadtrujillo.com\/index.php?rest_route=\/wp\/v2\/media\/51911"}],"wp:attachment":[{"href":"https:\/\/ciudadtrujillo.com\/index.php?rest_route=%2Fwp%2Fv2%2Fmedia&parent=51910"}],"wp:term":[{"taxonomy":"category","embeddable":true,"href":"https:\/\/ciudadtrujillo.com\/index.php?rest_route=%2Fwp%2Fv2%2Fcategories&post=51910"},{"taxonomy":"post_tag","embeddable":true,"href":"https:\/\/ciudadtrujillo.com\/index.php?rest_route=%2Fwp%2Fv2%2Ftags&post=51910"}],"curies":[{"name":"wp","href":"https:\/\/api.w.org\/{rel}","templated":true}]}}