{"id":51904,"date":"2026-04-30T10:42:16","date_gmt":"2026-04-30T14:42:16","guid":{"rendered":"https:\/\/ciudadtrujillo.com\/?p=51904"},"modified":"2026-04-30T10:42:16","modified_gmt":"2026-04-30T14:42:16","slug":"declaracion-de-unicos-y-universales-herederos-de-la-de-cujus-ana-ysabel-araujo-de-avila","status":"publish","type":"post","link":"https:\/\/ciudadtrujillo.com\/?p=51904","title":{"rendered":"Declaraci\u00f3n de \u00danicos y Universales Herederos de la de cujus Ana Ysabel Araujo de \u00c1vila"},"content":{"rendered":"<p><img loading=\"lazy\" decoding=\"async\" class=\"alignnone wp-image-51905 size-full\" src=\"https:\/\/ciudadtrujillo.com\/wp-content\/uploads\/2026\/04\/Ana-Ysabel-Araujo-de-Avila.png\" alt=\"\" width=\"1634\" height=\"2000\" srcset=\"https:\/\/ciudadtrujillo.com\/wp-content\/uploads\/2026\/04\/Ana-Ysabel-Araujo-de-Avila.png 1634w, https:\/\/ciudadtrujillo.com\/wp-content\/uploads\/2026\/04\/Ana-Ysabel-Araujo-de-Avila-245x300.png 245w, https:\/\/ciudadtrujillo.com\/wp-content\/uploads\/2026\/04\/Ana-Ysabel-Araujo-de-Avila-837x1024.png 837w, https:\/\/ciudadtrujillo.com\/wp-content\/uploads\/2026\/04\/Ana-Ysabel-Araujo-de-Avila-768x940.png 768w, https:\/\/ciudadtrujillo.com\/wp-content\/uploads\/2026\/04\/Ana-Ysabel-Araujo-de-Avila-1255x1536.png 1255w, https:\/\/ciudadtrujillo.com\/wp-content\/uploads\/2026\/04\/Ana-Ysabel-Araujo-de-Avila-200x245.png 200w\" sizes=\"auto, (max-width: 1634px) 100vw, 1634px\" \/><\/p>\n","protected":false},"excerpt":{"rendered":"","protected":false},"author":7,"featured_media":0,"comment_status":"closed","ping_status":"closed","sticky":false,"template":"","format":"standard","meta":{"footnotes":""},"categories":[45],"tags":[],"class_list":["post-51904","post","type-post","status-publish","format-standard","hentry","category-publicidad"],"_links":{"self":[{"href":"https:\/\/ciudadtrujillo.com\/index.php?rest_route=\/wp\/v2\/posts\/51904","targetHints":{"allow":["GET"]}}],"collection":[{"href":"https:\/\/ciudadtrujillo.com\/index.php?rest_route=\/wp\/v2\/posts"}],"about":[{"href":"https:\/\/ciudadtrujillo.com\/index.php?rest_route=\/wp\/v2\/types\/post"}],"author":[{"embeddable":true,"href":"https:\/\/ciudadtrujillo.com\/index.php?rest_route=\/wp\/v2\/users\/7"}],"replies":[{"embeddable":true,"href":"https:\/\/ciudadtrujillo.com\/index.php?rest_route=%2Fwp%2Fv2%2Fcomments&post=51904"}],"version-history":[{"count":1,"href":"https:\/\/ciudadtrujillo.com\/index.php?rest_route=\/wp\/v2\/posts\/51904\/revisions"}],"predecessor-version":[{"id":51906,"href":"https:\/\/ciudadtrujillo.com\/index.php?rest_route=\/wp\/v2\/posts\/51904\/revisions\/51906"}],"wp:attachment":[{"href":"https:\/\/ciudadtrujillo.com\/index.php?rest_route=%2Fwp%2Fv2%2Fmedia&parent=51904"}],"wp:term":[{"taxonomy":"category","embeddable":true,"href":"https:\/\/ciudadtrujillo.com\/index.php?rest_route=%2Fwp%2Fv2%2Fcategories&post=51904"},{"taxonomy":"post_tag","embeddable":true,"href":"https:\/\/ciudadtrujillo.com\/index.php?rest_route=%2Fwp%2Fv2%2Ftags&post=51904"}],"curies":[{"name":"wp","href":"https:\/\/api.w.org\/{rel}","templated":true}]}}