{"id":51899,"date":"2026-04-30T00:10:34","date_gmt":"2026-04-30T04:10:34","guid":{"rendered":"https:\/\/ciudadtrujillo.com\/?p=51899"},"modified":"2026-04-30T00:10:34","modified_gmt":"2026-04-30T04:10:34","slug":"gobierno-bolivariano-y-sector-privado-impulsan-motor-comercial","status":"publish","type":"post","link":"https:\/\/ciudadtrujillo.com\/?p=51899","title":{"rendered":"Gobierno Bolivariano y sector privado impulsan motor comercial"},"content":{"rendered":"<p style=\"text-align: justify;\">A prop\u00f3sito de la gira regional que realiza la Asociaci\u00f3n Nacional de Supermercados y Autoservicios (Ansa), este mi\u00e9rcoles, llegaron a Trujillo autoridades nacionales y regionales para fortalecer el tejido econ\u00f3mico de la entidad a trav\u00e9s de propuestas que buscan impulsar pol\u00edticas p\u00fablicas del sector comercial.<\/p>\n<p style=\"text-align: justify;\">En las instalaciones de Acoinva, en el municipio Valera, se desarroll\u00f3 el encuentro, donde el Ministro para Industrias y Comercio Nacional, Luis Villegas, acompa\u00f1ado del gobernador Gerardo M\u00e1rquez; el alcalde de Valera, Alfredy Moreno; entre otras autoridades, mencion\u00f3 que a trav\u00e9s de las mesas de trabajo establecidas se escucharon los requerimientos y fueron aprobados algunos de ellos, como la instalaci\u00f3n de una taquilla \u00fanica de comercio que va dirigida a los emprendedores y productores.<\/p>\n<p style=\"text-align: justify;\">En este sentido, el presidente de ANSA, \u00cdtalo Atencio, indic\u00f3 que fueron planteadas diferentes propuestas que favorecer\u00e1n a los peque\u00f1os productores, se\u00f1alando la posibilidad de enlazarlos directamente a los los mercados. \u00abNosotros podemos ofrecer la tecnolog\u00eda para calcular cu\u00e1ntos supermercados se necesitan, pero adem\u00e1s debemos encontrar esos inversionistas con financiamiento que puedan venir al estado Trujillo\u00bb.<\/p>\n<p style=\"text-align: justify;\">Por su parte, el gobernador del estado, Gerardo M\u00e1rquez, asegur\u00f3 que se ha logrado una fuerte alianza con el sector productivo, describiendo las potencialidades de las tierras trujillanos. Al tiempo inform\u00f3 que ser\u00e1 instalada una taquilla \u00fanica para que los peque\u00f1os productores puedan consolidar sus emprendimientos.<\/p>\n<p>&nbsp;<\/p>\n<p>&nbsp;<\/p>\n<h6>Ciudad Trujillo<br \/>\nGr\u00e1ficas: DGPG<\/h6>\n","protected":false},"excerpt":{"rendered":"<p>A prop\u00f3sito de la gira regional que realiza la Asociaci\u00f3n Nacional de Supermercados y Autoservicios (Ansa), este mi\u00e9rcoles, llegaron a Trujillo autoridades nacionales y regionales para fortalecer el tejido econ\u00f3mico&hellip; <\/p>\n","protected":false},"author":7,"featured_media":51900,"comment_status":"closed","ping_status":"closed","sticky":false,"template":"","format":"standard","meta":{"footnotes":""},"categories":[40],"tags":[],"class_list":["post-51899","post","type-post","status-publish","format-standard","has-post-thumbnail","hentry","category-grantrujillo"],"_links":{"self":[{"href":"https:\/\/ciudadtrujillo.com\/index.php?rest_route=\/wp\/v2\/posts\/51899","targetHints":{"allow":["GET"]}}],"collection":[{"href":"https:\/\/ciudadtrujillo.com\/index.php?rest_route=\/wp\/v2\/posts"}],"about":[{"href":"https:\/\/ciudadtrujillo.com\/index.php?rest_route=\/wp\/v2\/types\/post"}],"author":[{"embeddable":true,"href":"https:\/\/ciudadtrujillo.com\/index.php?rest_route=\/wp\/v2\/users\/7"}],"replies":[{"embeddable":true,"href":"https:\/\/ciudadtrujillo.com\/index.php?rest_route=%2Fwp%2Fv2%2Fcomments&post=51899"}],"version-history":[{"count":1,"href":"https:\/\/ciudadtrujillo.com\/index.php?rest_route=\/wp\/v2\/posts\/51899\/revisions"}],"predecessor-version":[{"id":51901,"href":"https:\/\/ciudadtrujillo.com\/index.php?rest_route=\/wp\/v2\/posts\/51899\/revisions\/51901"}],"wp:featuredmedia":[{"embeddable":true,"href":"https:\/\/ciudadtrujillo.com\/index.php?rest_route=\/wp\/v2\/media\/51900"}],"wp:attachment":[{"href":"https:\/\/ciudadtrujillo.com\/index.php?rest_route=%2Fwp%2Fv2%2Fmedia&parent=51899"}],"wp:term":[{"taxonomy":"category","embeddable":true,"href":"https:\/\/ciudadtrujillo.com\/index.php?rest_route=%2Fwp%2Fv2%2Fcategories&post=51899"},{"taxonomy":"post_tag","embeddable":true,"href":"https:\/\/ciudadtrujillo.com\/index.php?rest_route=%2Fwp%2Fv2%2Ftags&post=51899"}],"curies":[{"name":"wp","href":"https:\/\/api.w.org\/{rel}","templated":true}]}}