{"id":51896,"date":"2026-04-30T00:08:52","date_gmt":"2026-04-30T04:08:52","guid":{"rendered":"https:\/\/ciudadtrujillo.com\/?p=51896"},"modified":"2026-04-30T00:08:52","modified_gmt":"2026-04-30T04:08:52","slug":"trujillanos-se-uniran-hoy-a-la-movilizacion-en-caracas-por-una-venezuela-en-paz-y-sin-sanciones","status":"publish","type":"post","link":"https:\/\/ciudadtrujillo.com\/?p=51896","title":{"rendered":"Trujillanos se unir\u00e1n hoy a la movilizaci\u00f3n en Caracas por una Venezuela en paz y sin sanciones"},"content":{"rendered":"<p style=\"text-align: justify;\">\u200eEste mi\u00e9rcoles, la Furia Bolivariana del estado Trujillo emprendi\u00f3 su viaje hacia la capital del pa\u00eds con el firme prop\u00f3sito de expresar su apoyo a la Presidenta encargada, Delcy Rodr\u00edguez. Los asistentes se desplazan bajo la consigna de promover la armon\u00eda nacional y exigir el cese definitivo de las medidas coercitivas que afectan al pa\u00eds, sum\u00e1ndose a la gran convocatoria que hoy colmar\u00e1 las calles caraque\u00f1as.<\/p>\n<p style=\"text-align: justify;\">\u200eEsta actividad marca el cierre de la \u00abGran Peregrinaci\u00f3n por una Venezuela sin sanciones\u00bb, un recorrido que ha transitado diversos estados y que culminar\u00e1 en un encuentro masivo. La movilizaci\u00f3n busca consolidar el respaldo popular en un momento clave para la estabilidad y soberan\u00eda de la naci\u00f3n, reafirmando la lealtad de los sectores sociales hacia la gesti\u00f3n actual.<\/p>\n<p style=\"text-align: justify;\">\u200eLa delegaci\u00f3n del estado demostr\u00f3 su entusiasmo al dirigirse al encuentro con la Jefa de estado y militantes de otras regiones. \u00ab\u00a1Ya basta de sanciones!\u00bb, \u00abVenezuela libre y en paz\u00bb fueron las consignas que resonaron con fuerza entre el pueblo.<\/p>\n<p>&nbsp;<\/p>\n<p>&nbsp;<\/p>\n<h6>\u200eCiudad Trujillo\/Gr\u00e1ficas: DGPG<\/h6>\n","protected":false},"excerpt":{"rendered":"<p>\u200eEste mi\u00e9rcoles, la Furia Bolivariana del estado Trujillo emprendi\u00f3 su viaje hacia la capital del pa\u00eds con el firme prop\u00f3sito de expresar su apoyo a la Presidenta encargada, Delcy Rodr\u00edguez.&hellip; <\/p>\n","protected":false},"author":7,"featured_media":51897,"comment_status":"closed","ping_status":"closed","sticky":false,"template":"","format":"standard","meta":{"footnotes":""},"categories":[40],"tags":[],"class_list":["post-51896","post","type-post","status-publish","format-standard","has-post-thumbnail","hentry","category-grantrujillo"],"_links":{"self":[{"href":"https:\/\/ciudadtrujillo.com\/index.php?rest_route=\/wp\/v2\/posts\/51896","targetHints":{"allow":["GET"]}}],"collection":[{"href":"https:\/\/ciudadtrujillo.com\/index.php?rest_route=\/wp\/v2\/posts"}],"about":[{"href":"https:\/\/ciudadtrujillo.com\/index.php?rest_route=\/wp\/v2\/types\/post"}],"author":[{"embeddable":true,"href":"https:\/\/ciudadtrujillo.com\/index.php?rest_route=\/wp\/v2\/users\/7"}],"replies":[{"embeddable":true,"href":"https:\/\/ciudadtrujillo.com\/index.php?rest_route=%2Fwp%2Fv2%2Fcomments&post=51896"}],"version-history":[{"count":1,"href":"https:\/\/ciudadtrujillo.com\/index.php?rest_route=\/wp\/v2\/posts\/51896\/revisions"}],"predecessor-version":[{"id":51898,"href":"https:\/\/ciudadtrujillo.com\/index.php?rest_route=\/wp\/v2\/posts\/51896\/revisions\/51898"}],"wp:featuredmedia":[{"embeddable":true,"href":"https:\/\/ciudadtrujillo.com\/index.php?rest_route=\/wp\/v2\/media\/51897"}],"wp:attachment":[{"href":"https:\/\/ciudadtrujillo.com\/index.php?rest_route=%2Fwp%2Fv2%2Fmedia&parent=51896"}],"wp:term":[{"taxonomy":"category","embeddable":true,"href":"https:\/\/ciudadtrujillo.com\/index.php?rest_route=%2Fwp%2Fv2%2Fcategories&post=51896"},{"taxonomy":"post_tag","embeddable":true,"href":"https:\/\/ciudadtrujillo.com\/index.php?rest_route=%2Fwp%2Fv2%2Ftags&post=51896"}],"curies":[{"name":"wp","href":"https:\/\/api.w.org\/{rel}","templated":true}]}}