{"id":51893,"date":"2026-04-30T00:07:02","date_gmt":"2026-04-30T04:07:02","guid":{"rendered":"https:\/\/ciudadtrujillo.com\/?p=51893"},"modified":"2026-04-30T00:07:02","modified_gmt":"2026-04-30T04:07:02","slug":"con-jornadas-de-siembra-y-trabajo-comunitario-pampan-celebra-el-dia-de-la-tierra","status":"publish","type":"post","link":"https:\/\/ciudadtrujillo.com\/?p=51893","title":{"rendered":"Con jornadas de siembra y trabajo comunitario Pamp\u00e1n celebra el D\u00eda de la Tierra"},"content":{"rendered":"<p style=\"text-align: justify;\">\u200eEn el marco del D\u00eda Internacional de la Tierra, el vivero municipal intensific\u00f3 sus labores con la preparaci\u00f3n de 305 bolsas de semillas de cacao y la siembra de 57 esquejes de Isoras. Estas acciones buscan fortalecer la producci\u00f3n agr\u00edcola local y embellecer los espacios de nuestra jurisdicci\u00f3n.<br \/>\n\u200e<br \/>\n\u200eEl equipo tambi\u00e9n realiz\u00f3 jornadas de desmalezamiento para asegurar el crecimiento \u00f3ptimo de las plantas ya establecidas. Este esfuerzo t\u00e9cnico garantiza que cada especie cuente con las condiciones necesarias para desarrollarse plenamente en beneficio de todos.<br \/>\n\u200e<br \/>\n\u200eLa jornada destac\u00f3 por la visita de jefes de comunidad, representantes de las UBCH y l\u00edderes de calle, quienes se involucraron directamente en las actividades.<\/p>\n<p>&nbsp;<\/p>\n<p>&nbsp;<\/p>\n<h6>\u200eCiudad Trujillo<\/h6>\n","protected":false},"excerpt":{"rendered":"<p>\u200eEn el marco del D\u00eda Internacional de la Tierra, el vivero municipal intensific\u00f3 sus labores con la preparaci\u00f3n de 305 bolsas de semillas de cacao y la siembra de 57&hellip; <\/p>\n","protected":false},"author":7,"featured_media":51894,"comment_status":"closed","ping_status":"closed","sticky":false,"template":"","format":"standard","meta":{"footnotes":""},"categories":[40],"tags":[],"class_list":["post-51893","post","type-post","status-publish","format-standard","has-post-thumbnail","hentry","category-grantrujillo"],"_links":{"self":[{"href":"https:\/\/ciudadtrujillo.com\/index.php?rest_route=\/wp\/v2\/posts\/51893","targetHints":{"allow":["GET"]}}],"collection":[{"href":"https:\/\/ciudadtrujillo.com\/index.php?rest_route=\/wp\/v2\/posts"}],"about":[{"href":"https:\/\/ciudadtrujillo.com\/index.php?rest_route=\/wp\/v2\/types\/post"}],"author":[{"embeddable":true,"href":"https:\/\/ciudadtrujillo.com\/index.php?rest_route=\/wp\/v2\/users\/7"}],"replies":[{"embeddable":true,"href":"https:\/\/ciudadtrujillo.com\/index.php?rest_route=%2Fwp%2Fv2%2Fcomments&post=51893"}],"version-history":[{"count":1,"href":"https:\/\/ciudadtrujillo.com\/index.php?rest_route=\/wp\/v2\/posts\/51893\/revisions"}],"predecessor-version":[{"id":51895,"href":"https:\/\/ciudadtrujillo.com\/index.php?rest_route=\/wp\/v2\/posts\/51893\/revisions\/51895"}],"wp:featuredmedia":[{"embeddable":true,"href":"https:\/\/ciudadtrujillo.com\/index.php?rest_route=\/wp\/v2\/media\/51894"}],"wp:attachment":[{"href":"https:\/\/ciudadtrujillo.com\/index.php?rest_route=%2Fwp%2Fv2%2Fmedia&parent=51893"}],"wp:term":[{"taxonomy":"category","embeddable":true,"href":"https:\/\/ciudadtrujillo.com\/index.php?rest_route=%2Fwp%2Fv2%2Fcategories&post=51893"},{"taxonomy":"post_tag","embeddable":true,"href":"https:\/\/ciudadtrujillo.com\/index.php?rest_route=%2Fwp%2Fv2%2Ftags&post=51893"}],"curies":[{"name":"wp","href":"https:\/\/api.w.org\/{rel}","templated":true}]}}