{"id":51890,"date":"2026-04-30T00:05:14","date_gmt":"2026-04-30T04:05:14","guid":{"rendered":"https:\/\/ciudadtrujillo.com\/?p=51890"},"modified":"2026-04-30T00:05:14","modified_gmt":"2026-04-30T04:05:14","slug":"trujillo-contara-con-una-taquilla-unica-de-comercio-nacional","status":"publish","type":"post","link":"https:\/\/ciudadtrujillo.com\/?p=51890","title":{"rendered":"Trujillo contar\u00e1 con una taquilla \u00fanica de comercio nacional"},"content":{"rendered":"<p style=\"text-align: justify;\">El gobernador Gerardo M\u00e1rquez, anunci\u00f3 la instalaci\u00f3n de una taquilla \u00fanica de comercio para los peque\u00f1os productores de la entidad con el fin de que puedan formalizar sus emprendimientos.<\/p>\n<p style=\"text-align: justify;\">As\u00ed lo mencion\u00f3 durante un encuentro con autoridades regionales, nacionales, adem\u00e1s de productores y comerciantes del estado , por lo que explic\u00f3 que: \u00abHemos escuchado algunas propuestas y dado respuesta de manera inmediata a algunas peticiones para quienes son comerciantes o emprendedores, las cuales ejecutaremos a trav\u00e9s del Ministerio de Industrias y Comercio Nacional, para que hayan taquillas \u00fanicas\u00bb.<\/p>\n<p style=\"text-align: justify;\">Por su parte, el ministro para Industrias y Comercio Nacional, Luis Villegas, asegur\u00f3 que tambi\u00e9n \u00abarticulamos con el Banco Digital de los Trabajadores que va a iniciar un proceso de bancarizaci\u00f3n y de financiamiento a peque\u00f1os, medianos y grandes productores\u00bb.<\/p>\n<p style=\"text-align: justify;\">Asimismo, el presidente de la c\u00e1mara de comercio de Trujillo, Rodrigo V\u00e1squez, manifest\u00f3 que con estas oportunidades no solo se favorecer\u00e1 la empresa privada, si no que permitir\u00e1 a los productores\u00bbponer en sus art\u00edculos en los anaqueles de los supermercados regional y nacional.<\/p>\n<p>&nbsp;<\/p>\n<p>&nbsp;<\/p>\n<h6>Ciudad Trujillo<br \/>\nGr\u00e1ficas: DGPG<\/h6>\n","protected":false},"excerpt":{"rendered":"<p>El gobernador Gerardo M\u00e1rquez, anunci\u00f3 la instalaci\u00f3n de una taquilla \u00fanica de comercio para los peque\u00f1os productores de la entidad con el fin de que puedan formalizar sus emprendimientos. As\u00ed&hellip; <\/p>\n","protected":false},"author":7,"featured_media":51891,"comment_status":"closed","ping_status":"closed","sticky":false,"template":"","format":"standard","meta":{"footnotes":""},"categories":[40],"tags":[],"class_list":["post-51890","post","type-post","status-publish","format-standard","has-post-thumbnail","hentry","category-grantrujillo"],"_links":{"self":[{"href":"https:\/\/ciudadtrujillo.com\/index.php?rest_route=\/wp\/v2\/posts\/51890","targetHints":{"allow":["GET"]}}],"collection":[{"href":"https:\/\/ciudadtrujillo.com\/index.php?rest_route=\/wp\/v2\/posts"}],"about":[{"href":"https:\/\/ciudadtrujillo.com\/index.php?rest_route=\/wp\/v2\/types\/post"}],"author":[{"embeddable":true,"href":"https:\/\/ciudadtrujillo.com\/index.php?rest_route=\/wp\/v2\/users\/7"}],"replies":[{"embeddable":true,"href":"https:\/\/ciudadtrujillo.com\/index.php?rest_route=%2Fwp%2Fv2%2Fcomments&post=51890"}],"version-history":[{"count":1,"href":"https:\/\/ciudadtrujillo.com\/index.php?rest_route=\/wp\/v2\/posts\/51890\/revisions"}],"predecessor-version":[{"id":51892,"href":"https:\/\/ciudadtrujillo.com\/index.php?rest_route=\/wp\/v2\/posts\/51890\/revisions\/51892"}],"wp:featuredmedia":[{"embeddable":true,"href":"https:\/\/ciudadtrujillo.com\/index.php?rest_route=\/wp\/v2\/media\/51891"}],"wp:attachment":[{"href":"https:\/\/ciudadtrujillo.com\/index.php?rest_route=%2Fwp%2Fv2%2Fmedia&parent=51890"}],"wp:term":[{"taxonomy":"category","embeddable":true,"href":"https:\/\/ciudadtrujillo.com\/index.php?rest_route=%2Fwp%2Fv2%2Fcategories&post=51890"},{"taxonomy":"post_tag","embeddable":true,"href":"https:\/\/ciudadtrujillo.com\/index.php?rest_route=%2Fwp%2Fv2%2Ftags&post=51890"}],"curies":[{"name":"wp","href":"https:\/\/api.w.org\/{rel}","templated":true}]}}