{"id":51863,"date":"2026-04-28T22:53:38","date_gmt":"2026-04-29T02:53:38","guid":{"rendered":"https:\/\/ciudadtrujillo.com\/?p=51863"},"modified":"2026-04-28T22:53:38","modified_gmt":"2026-04-29T02:53:38","slug":"presidenta-e-delcy-rodriguez-agradecio-respuesta-del-pueblo-al-llamado-de-peregrinacion","status":"publish","type":"post","link":"https:\/\/ciudadtrujillo.com\/?p=51863","title":{"rendered":"Presidenta (E) Delcy Rodr\u00edguez agradeci\u00f3 respuesta del pueblo al llamado de peregrinaci\u00f3n"},"content":{"rendered":"<p style=\"text-align: justify;\">Durante el encuentro con los sectores populares del estado Carabobo, la presidenta (E) de la Rep\u00fablica Bolivariana de Venezuela, Delcy Rodr\u00edguez agradeci\u00f3 la participaci\u00f3n de cada uno de los sectores del pa\u00eds, que en uni\u00f3n han respondido al llamado a la Gran Peregrinaci\u00f3n Nacional por una Venezuela sin Sanciones y en Paz, y reconoci\u00f3 que la g\u00e9nesis del odio y la intolerancia es la irracionalidad, distinto a lo que son los venezolanos y las venezolanas.<\/p>\n<p style=\"text-align: justify;\">En este sentido, la jefa de Estado encargada manifest\u00f3 que la peregrinaci\u00f3n responde a un nuevo momento pol\u00edtico, que va a marcar la historia para sanar las expresiones de odio e intolerancia y convertirlas en acciones de perd\u00f3n, de reflexi\u00f3n; y de esta manera lograr la reconciliaci\u00f3n nacional.<\/p>\n<p style=\"text-align: justify;\">Respecto a los hechos sucedidos el 3 de enero, rescat\u00f3 que sus acciones han estado marcadas por la lealtad absoluta con el pueblo, al asegurar que en su momento, se conocer\u00e1n los detalles que desmontar\u00e1n las matrices de opini\u00f3n irracionales y mezquinas, que son adem\u00e1s, irrelevantes frente a la necesidad de defender al pa\u00eds.<\/p>\n<p style=\"text-align: justify;\">La mandataria nacional tambi\u00e9n asegur\u00f3 que ha tomado en consideraci\u00f3n todos los planteamientos realizados por los diferentes voceros durante la peregrinaci\u00f3n, y que ser\u00e1n tomadas las medidas que permitan salir, de lo que calific\u00f3, como el foso donde el bloqueo econ\u00f3mico y las sanciones dejaron al pa\u00eds.<\/p>\n<p style=\"text-align: justify;\">Sanar desde una espiritualidad distinta<\/p>\n<p style=\"text-align: justify;\">\u00abLa peregrinaci\u00f3n llama a sanar desde una espiritualidad distinta, para reencontrarnos y entendernos, para que m\u00e1s nunca exista un 3 de enero\u00bb, reflexion\u00f3 a la vez que reiter\u00f3 el llamado a la unidad, al di\u00e1logo y a la oraci\u00f3n, siempre con respeto a la diversidad cultural y pol\u00edtica del pa\u00eds.<\/p>\n<p style=\"text-align: justify;\">En torno a las expectativas existentes para el aumento salarial del 1ero de mayo, se\u00f1al\u00f3 que habr\u00e1 mejoras que realmente beneficien y contribuyan con los trabajadores y trabajadoras de Venezuela, a quienes mostr\u00f3 su respeto y reconoci\u00f3 el sacrificio, entrega y resistencia en estos \u00faltimos a\u00f1os y les exhort\u00f3 a seguir la marcha de la recuperaci\u00f3n econ\u00f3mica en uni\u00f3n y paz.<\/p>\n<p>&nbsp;<\/p>\n<p>&nbsp;<\/p>\n<h6>VTV<\/h6>\n","protected":false},"excerpt":{"rendered":"<p>Durante el encuentro con los sectores populares del estado Carabobo, la presidenta (E) de la Rep\u00fablica Bolivariana de Venezuela, Delcy Rodr\u00edguez agradeci\u00f3 la participaci\u00f3n de cada uno de los sectores&hellip; <\/p>\n","protected":false},"author":7,"featured_media":51864,"comment_status":"closed","ping_status":"closed","sticky":false,"template":"","format":"standard","meta":{"footnotes":""},"categories":[41],"tags":[],"class_list":["post-51863","post","type-post","status-publish","format-standard","has-post-thumbnail","hentry","category-pais"],"_links":{"self":[{"href":"https:\/\/ciudadtrujillo.com\/index.php?rest_route=\/wp\/v2\/posts\/51863","targetHints":{"allow":["GET"]}}],"collection":[{"href":"https:\/\/ciudadtrujillo.com\/index.php?rest_route=\/wp\/v2\/posts"}],"about":[{"href":"https:\/\/ciudadtrujillo.com\/index.php?rest_route=\/wp\/v2\/types\/post"}],"author":[{"embeddable":true,"href":"https:\/\/ciudadtrujillo.com\/index.php?rest_route=\/wp\/v2\/users\/7"}],"replies":[{"embeddable":true,"href":"https:\/\/ciudadtrujillo.com\/index.php?rest_route=%2Fwp%2Fv2%2Fcomments&post=51863"}],"version-history":[{"count":1,"href":"https:\/\/ciudadtrujillo.com\/index.php?rest_route=\/wp\/v2\/posts\/51863\/revisions"}],"predecessor-version":[{"id":51865,"href":"https:\/\/ciudadtrujillo.com\/index.php?rest_route=\/wp\/v2\/posts\/51863\/revisions\/51865"}],"wp:featuredmedia":[{"embeddable":true,"href":"https:\/\/ciudadtrujillo.com\/index.php?rest_route=\/wp\/v2\/media\/51864"}],"wp:attachment":[{"href":"https:\/\/ciudadtrujillo.com\/index.php?rest_route=%2Fwp%2Fv2%2Fmedia&parent=51863"}],"wp:term":[{"taxonomy":"category","embeddable":true,"href":"https:\/\/ciudadtrujillo.com\/index.php?rest_route=%2Fwp%2Fv2%2Fcategories&post=51863"},{"taxonomy":"post_tag","embeddable":true,"href":"https:\/\/ciudadtrujillo.com\/index.php?rest_route=%2Fwp%2Fv2%2Ftags&post=51863"}],"curies":[{"name":"wp","href":"https:\/\/api.w.org\/{rel}","templated":true}]}}