{"id":51843,"date":"2026-04-27T21:05:38","date_gmt":"2026-04-28T01:05:38","guid":{"rendered":"https:\/\/ciudadtrujillo.com\/?p=51843"},"modified":"2026-04-27T21:05:38","modified_gmt":"2026-04-28T01:05:38","slug":"inicia-el-estado-campana-de-vacunacion-de-las-americas-2026","status":"publish","type":"post","link":"https:\/\/ciudadtrujillo.com\/?p=51843","title":{"rendered":"Inicia el estado Campa\u00f1a de Vacunaci\u00f3n de las Am\u00e9ricas 2026"},"content":{"rendered":"<p style=\"text-align: justify;\">Desde el estado Trujillo, este 26 de abril se dio inicio a la celebraci\u00f3n de la Campa\u00f1a de Vacunaci\u00f3n en las Am\u00e9ricas, la cual se llevar\u00e1 a cabo hasta el 3 de mayo, con la colocaci\u00f3n de Toxoide, Pentavalente, Trivalente Viral, Fiebre Amarilla, Polio IPV y Oral. Esta campa\u00f1a tiene como objetivo aumentar las coberturas de vacunaci\u00f3n, captar ni\u00f1os susceptibles y eliminar el sarampi\u00f3n en la regi\u00f3n.<\/p>\n<p>La directora estatal de Epidemiolog\u00eda,\u00a0Berenice Mar\u00edn,\u00a0inform\u00f3 que la actividad emblem\u00e1tica fue realizada en el consultorio V\u00edctor Manuel Bocaranda del \u00c1rea de Salud Integral Comunitaria (Asic) Trujillo.<\/p>\n<p>Por su parte, el coordinador del Programa Ampliado de Inmunizaci\u00f3n (PAI), Ing. Gerardo Delgado, realiz\u00f3 un llamado a padres y representantes sobre la importancia de cumplir con el esquema de vacunaci\u00f3n para prevenir m\u00e1s de 16 enfermedades, adem\u00e1s, se invit\u00f3 a la comunidad a asistir durante estos d\u00edas a los 286 puestos de vacunaci\u00f3n disponibles en la red de atenci\u00f3n.<\/p>\n<p>Se recuerda a la comunidad que es requerido llevar la tarjeta de vacunaci\u00f3n del infante para la colocaci\u00f3n de las dosis correspondientes de inmunizacion.<\/p>\n<p>Estas acciones en salud se realizan siguiendo los lineamientos del Presidente Nicol\u00e1s Maduro, la Presidenta encargada Delcy Rodr\u00edguez, la ministra de Salud, Dra. Nuramy Josefa Guti\u00e9rrez, el gobernador del estado My. Gerardo M\u00e1rquez y la A<br \/>\nautoridad \u00fanica en Salud, Dr. Germ\u00e1n Serrano.<\/p>\n<p>&nbsp;<\/p>\n<p>&nbsp;<\/p>\n<h6>Prensa Regional Minsalud\/\u00a0Zuldermi Pi\u00f1ango<\/h6>\n","protected":false},"excerpt":{"rendered":"<p>Desde el estado Trujillo, este 26 de abril se dio inicio a la celebraci\u00f3n de la Campa\u00f1a de Vacunaci\u00f3n en las Am\u00e9ricas, la cual se llevar\u00e1 a cabo hasta el&hellip; <\/p>\n","protected":false},"author":7,"featured_media":51844,"comment_status":"closed","ping_status":"closed","sticky":false,"template":"","format":"standard","meta":{"footnotes":""},"categories":[40],"tags":[],"class_list":["post-51843","post","type-post","status-publish","format-standard","has-post-thumbnail","hentry","category-grantrujillo"],"_links":{"self":[{"href":"https:\/\/ciudadtrujillo.com\/index.php?rest_route=\/wp\/v2\/posts\/51843","targetHints":{"allow":["GET"]}}],"collection":[{"href":"https:\/\/ciudadtrujillo.com\/index.php?rest_route=\/wp\/v2\/posts"}],"about":[{"href":"https:\/\/ciudadtrujillo.com\/index.php?rest_route=\/wp\/v2\/types\/post"}],"author":[{"embeddable":true,"href":"https:\/\/ciudadtrujillo.com\/index.php?rest_route=\/wp\/v2\/users\/7"}],"replies":[{"embeddable":true,"href":"https:\/\/ciudadtrujillo.com\/index.php?rest_route=%2Fwp%2Fv2%2Fcomments&post=51843"}],"version-history":[{"count":1,"href":"https:\/\/ciudadtrujillo.com\/index.php?rest_route=\/wp\/v2\/posts\/51843\/revisions"}],"predecessor-version":[{"id":51845,"href":"https:\/\/ciudadtrujillo.com\/index.php?rest_route=\/wp\/v2\/posts\/51843\/revisions\/51845"}],"wp:featuredmedia":[{"embeddable":true,"href":"https:\/\/ciudadtrujillo.com\/index.php?rest_route=\/wp\/v2\/media\/51844"}],"wp:attachment":[{"href":"https:\/\/ciudadtrujillo.com\/index.php?rest_route=%2Fwp%2Fv2%2Fmedia&parent=51843"}],"wp:term":[{"taxonomy":"category","embeddable":true,"href":"https:\/\/ciudadtrujillo.com\/index.php?rest_route=%2Fwp%2Fv2%2Fcategories&post=51843"},{"taxonomy":"post_tag","embeddable":true,"href":"https:\/\/ciudadtrujillo.com\/index.php?rest_route=%2Fwp%2Fv2%2Ftags&post=51843"}],"curies":[{"name":"wp","href":"https:\/\/api.w.org\/{rel}","templated":true}]}}