{"id":51799,"date":"2026-04-26T22:32:50","date_gmt":"2026-04-27T02:32:50","guid":{"rendered":"https:\/\/ciudadtrujillo.com\/?p=51799"},"modified":"2026-04-26T22:33:22","modified_gmt":"2026-04-27T02:33:22","slug":"junto-a-la-corporacion-venezolana-del-cafe-se-realizo-una-sesion-especial-por-el-dia-del-caficultor-en-campo-elias","status":"publish","type":"post","link":"https:\/\/ciudadtrujillo.com\/?p=51799","title":{"rendered":"Junto a la Corporaci\u00f3n Venezolana del Caf\u00e9 se realiz\u00f3 una sesi\u00f3n especial por el D\u00eda del Caficultor en Campo El\u00edas"},"content":{"rendered":"<p>Como parte de la reciente celebraci\u00f3n por el D\u00eda del Caficultor, junto a la Corporaci\u00f3n Venezolana del Caf\u00e9 (CVC) se realiz\u00f3 una sesi\u00f3n especial en el municipio Vicente Campo El\u00edas para honrar la labor de quienes potencian el motor productivo del rubro cafetalero.<\/p>\n<p>La actividad se desarroll\u00f3 con apoyo del gobernador Gerardo M\u00e1rquez en la Casa de la Cultura del municipio, con presencia de la presidenta de la CVC, Josmary Borjas, el alcalde Jos\u00e9 Luis Torrealba, asociaciones cafetalera, comerciantes y m\u00e1s de 800 caficultores que se sumaron a la actividad.<\/p>\n<p>Cabe destacar que la alcald\u00eda, junto a las asociaciones y comerciantes, incentivaron la celebraci\u00f3n con importantes premios que impulsar\u00e1n el trabajo cafetalero en la localidad, como m\u00e1quinas despulpadoras de caf\u00e9, materiales e insumos agr\u00edcolas y una moto.<\/p>\n<p>Es importante acotar que Campo El\u00edas es uno de los municipios con gran capacidad de producci\u00f3n cafetalera de la entidad, que actualmente impulsa un proyecto para la siembra de 1 mill\u00f3n de plantas de caf\u00e9.<\/p>\n<p>&nbsp;<\/p>\n<p>&nbsp;<\/p>\n<h6>Prensa Alcald\u00eda de Vicente Campo El\u00edas<\/h6>\n","protected":false},"excerpt":{"rendered":"<p>Como parte de la reciente celebraci\u00f3n por el D\u00eda del Caficultor, junto a la Corporaci\u00f3n Venezolana del Caf\u00e9 (CVC) se realiz\u00f3 una sesi\u00f3n especial en el municipio Vicente Campo El\u00edas&hellip; <\/p>\n","protected":false},"author":7,"featured_media":51800,"comment_status":"closed","ping_status":"closed","sticky":false,"template":"","format":"standard","meta":{"footnotes":""},"categories":[40],"tags":[],"class_list":["post-51799","post","type-post","status-publish","format-standard","has-post-thumbnail","hentry","category-grantrujillo"],"_links":{"self":[{"href":"https:\/\/ciudadtrujillo.com\/index.php?rest_route=\/wp\/v2\/posts\/51799","targetHints":{"allow":["GET"]}}],"collection":[{"href":"https:\/\/ciudadtrujillo.com\/index.php?rest_route=\/wp\/v2\/posts"}],"about":[{"href":"https:\/\/ciudadtrujillo.com\/index.php?rest_route=\/wp\/v2\/types\/post"}],"author":[{"embeddable":true,"href":"https:\/\/ciudadtrujillo.com\/index.php?rest_route=\/wp\/v2\/users\/7"}],"replies":[{"embeddable":true,"href":"https:\/\/ciudadtrujillo.com\/index.php?rest_route=%2Fwp%2Fv2%2Fcomments&post=51799"}],"version-history":[{"count":2,"href":"https:\/\/ciudadtrujillo.com\/index.php?rest_route=\/wp\/v2\/posts\/51799\/revisions"}],"predecessor-version":[{"id":51802,"href":"https:\/\/ciudadtrujillo.com\/index.php?rest_route=\/wp\/v2\/posts\/51799\/revisions\/51802"}],"wp:featuredmedia":[{"embeddable":true,"href":"https:\/\/ciudadtrujillo.com\/index.php?rest_route=\/wp\/v2\/media\/51800"}],"wp:attachment":[{"href":"https:\/\/ciudadtrujillo.com\/index.php?rest_route=%2Fwp%2Fv2%2Fmedia&parent=51799"}],"wp:term":[{"taxonomy":"category","embeddable":true,"href":"https:\/\/ciudadtrujillo.com\/index.php?rest_route=%2Fwp%2Fv2%2Fcategories&post=51799"},{"taxonomy":"post_tag","embeddable":true,"href":"https:\/\/ciudadtrujillo.com\/index.php?rest_route=%2Fwp%2Fv2%2Ftags&post=51799"}],"curies":[{"name":"wp","href":"https:\/\/api.w.org\/{rel}","templated":true}]}}