{"id":51056,"date":"2026-03-15T23:37:08","date_gmt":"2026-03-16T03:37:08","guid":{"rendered":"https:\/\/ciudadtrujillo.com\/?p=51056"},"modified":"2026-03-15T23:37:08","modified_gmt":"2026-03-16T03:37:08","slug":"juventud-trujillana-reafirmo-compromiso-con-la-revolucion-bolivariana","status":"publish","type":"post","link":"https:\/\/ciudadtrujillo.com\/?p=51056","title":{"rendered":"Juventud trujillana reafirm\u00f3 compromiso con la Revoluci\u00f3n Bolivariana"},"content":{"rendered":"<p style=\"text-align: justify;\">El Foro Bolivariano de Valera fue el escenario para el encuentro de la juventud trujillana proveniente de diversos municipios de la entidad, quienes reafirmaron su compromiso con la Revoluci\u00f3n Bolivariana.<\/p>\n<p style=\"text-align: justify;\">El acto cont\u00f3 con la participaci\u00f3n de autoridad nacionales y regionales, entre ellas la diputada a la Asamblea Nacional, Rodbxa Poleo; el gobernador Gerardo M\u00e1rquez; la coordinadora regional de la Juventud del Partido Socialista Unido de Venezuela, Cristin Chirinos y la coordinadora de la Organizaci\u00f3n Bolivariana Estudiantil (OBE) en la entidad, Amira Lozada.<\/p>\n<p style=\"text-align: justify;\">Durante el encuentro la diputada Poleo resalt\u00f3 que la Revoluci\u00f3n avanza con organizaci\u00f3n y conciencia, teniendo como pilar a la juventud que sigue construyendo la historia de la Patria venezolana.<\/p>\n<p style=\"text-align: justify;\">Asimismo, el gobernador mencion\u00f3 que el proyecto del Comandante Hugo Ch\u00e1vez no tiene fecha de caducidad, asegurando que \u00abhay Revoluci\u00f3n para largo, porque est\u00e1 en manos de la juventud\u00bb.<\/p>\n<p style=\"text-align: justify;\">Por su parte, Chirinos resalt\u00f3 la actuaci\u00f3n, participaci\u00f3n y movilizaci\u00f3n de los j\u00f3venes desde sus territorios, \u00abesas acciones fundamentan la continuidad de una Venezuela prospera y productiva. Desde Trujillo valoramos lo que ha hecho el Presidente Nicol\u00e1s Maduro para escribir nuestra historia\u00bb.<\/p>\n<p>&nbsp;<\/p>\n<p>&nbsp;<\/p>\n<h6>Ciudad Trujillo<br \/>\nGr\u00e1ficas: DGPG<\/h6>\n","protected":false},"excerpt":{"rendered":"<p>El Foro Bolivariano de Valera fue el escenario para el encuentro de la juventud trujillana proveniente de diversos municipios de la entidad, quienes reafirmaron su compromiso con la Revoluci\u00f3n Bolivariana.&hellip; <\/p>\n","protected":false},"author":7,"featured_media":51057,"comment_status":"closed","ping_status":"closed","sticky":false,"template":"","format":"standard","meta":{"footnotes":""},"categories":[40],"tags":[],"class_list":["post-51056","post","type-post","status-publish","format-standard","has-post-thumbnail","hentry","category-grantrujillo"],"_links":{"self":[{"href":"https:\/\/ciudadtrujillo.com\/index.php?rest_route=\/wp\/v2\/posts\/51056","targetHints":{"allow":["GET"]}}],"collection":[{"href":"https:\/\/ciudadtrujillo.com\/index.php?rest_route=\/wp\/v2\/posts"}],"about":[{"href":"https:\/\/ciudadtrujillo.com\/index.php?rest_route=\/wp\/v2\/types\/post"}],"author":[{"embeddable":true,"href":"https:\/\/ciudadtrujillo.com\/index.php?rest_route=\/wp\/v2\/users\/7"}],"replies":[{"embeddable":true,"href":"https:\/\/ciudadtrujillo.com\/index.php?rest_route=%2Fwp%2Fv2%2Fcomments&post=51056"}],"version-history":[{"count":1,"href":"https:\/\/ciudadtrujillo.com\/index.php?rest_route=\/wp\/v2\/posts\/51056\/revisions"}],"predecessor-version":[{"id":51058,"href":"https:\/\/ciudadtrujillo.com\/index.php?rest_route=\/wp\/v2\/posts\/51056\/revisions\/51058"}],"wp:featuredmedia":[{"embeddable":true,"href":"https:\/\/ciudadtrujillo.com\/index.php?rest_route=\/wp\/v2\/media\/51057"}],"wp:attachment":[{"href":"https:\/\/ciudadtrujillo.com\/index.php?rest_route=%2Fwp%2Fv2%2Fmedia&parent=51056"}],"wp:term":[{"taxonomy":"category","embeddable":true,"href":"https:\/\/ciudadtrujillo.com\/index.php?rest_route=%2Fwp%2Fv2%2Fcategories&post=51056"},{"taxonomy":"post_tag","embeddable":true,"href":"https:\/\/ciudadtrujillo.com\/index.php?rest_route=%2Fwp%2Fv2%2Ftags&post=51056"}],"curies":[{"name":"wp","href":"https:\/\/api.w.org\/{rel}","templated":true}]}}