{"id":51053,"date":"2026-03-15T23:35:31","date_gmt":"2026-03-16T03:35:31","guid":{"rendered":"https:\/\/ciudadtrujillo.com\/?p=51053"},"modified":"2026-03-15T23:35:31","modified_gmt":"2026-03-16T03:35:31","slug":"con-jornada-social-atienden-a-mas-de-2-mil-familias-en-sabana-grande","status":"publish","type":"post","link":"https:\/\/ciudadtrujillo.com\/?p=51053","title":{"rendered":"Con jornada social atienden a m\u00e1s de 2 mil familias en Sabana Grande"},"content":{"rendered":"<p style=\"text-align: justify;\">El Gobierno Bolivariano se despleg\u00f3 hasta el municipio Bol\u00edvar, espec\u00edficamente en la parroquia Sabana Grande, donde fueron atendidas m\u00e1s de 2.500 familias con una jornada social.<\/p>\n<p style=\"text-align: justify;\">La secretaria territorial de las Misiones y Grandes Misiones, Ang\u00e9lica Mor\u00f3n, en compa\u00f1\u00eda del gobernador Gerardo M\u00e1rquez, inform\u00f3 que fueron desplegadas un total de 30 instituciones regionales y nacionales para brindar asistencia social a las familias de esta comunidad.<\/p>\n<p style=\"text-align: justify;\">Tambi\u00e9n manifest\u00f3 que en simult\u00e1neo se realizaron 21 jornadas en distintas localidades con los mismos servios en materia de salud, alimentaci\u00f3n, recreaci\u00f3n, educaci\u00f3n y deporte.<\/p>\n<p style=\"text-align: justify;\">Por su parte, la alcaldesa de la jurisdicci\u00f3n, Mar\u00eda Nu\u00f1ez, agradeci\u00f3 el despliegue integral, acostando que es posible gracias al impulso del Presidente Nicol\u00e1s Maduro con el apoyo de la Presidenta encargada, Delcy Rodr\u00edguez y el gobernador Gerardo M\u00e1rquez.<\/p>\n<p>&nbsp;<\/p>\n<p>&nbsp;<\/p>\n<h6>Ciudad Trujillo<br \/>\nGr\u00e1ficas: DGPG<\/h6>\n","protected":false},"excerpt":{"rendered":"<p>El Gobierno Bolivariano se despleg\u00f3 hasta el municipio Bol\u00edvar, espec\u00edficamente en la parroquia Sabana Grande, donde fueron atendidas m\u00e1s de 2.500 familias con una jornada social. La secretaria territorial de&hellip; <\/p>\n","protected":false},"author":7,"featured_media":51054,"comment_status":"closed","ping_status":"closed","sticky":false,"template":"","format":"standard","meta":{"footnotes":""},"categories":[40],"tags":[],"class_list":["post-51053","post","type-post","status-publish","format-standard","has-post-thumbnail","hentry","category-grantrujillo"],"_links":{"self":[{"href":"https:\/\/ciudadtrujillo.com\/index.php?rest_route=\/wp\/v2\/posts\/51053","targetHints":{"allow":["GET"]}}],"collection":[{"href":"https:\/\/ciudadtrujillo.com\/index.php?rest_route=\/wp\/v2\/posts"}],"about":[{"href":"https:\/\/ciudadtrujillo.com\/index.php?rest_route=\/wp\/v2\/types\/post"}],"author":[{"embeddable":true,"href":"https:\/\/ciudadtrujillo.com\/index.php?rest_route=\/wp\/v2\/users\/7"}],"replies":[{"embeddable":true,"href":"https:\/\/ciudadtrujillo.com\/index.php?rest_route=%2Fwp%2Fv2%2Fcomments&post=51053"}],"version-history":[{"count":1,"href":"https:\/\/ciudadtrujillo.com\/index.php?rest_route=\/wp\/v2\/posts\/51053\/revisions"}],"predecessor-version":[{"id":51055,"href":"https:\/\/ciudadtrujillo.com\/index.php?rest_route=\/wp\/v2\/posts\/51053\/revisions\/51055"}],"wp:featuredmedia":[{"embeddable":true,"href":"https:\/\/ciudadtrujillo.com\/index.php?rest_route=\/wp\/v2\/media\/51054"}],"wp:attachment":[{"href":"https:\/\/ciudadtrujillo.com\/index.php?rest_route=%2Fwp%2Fv2%2Fmedia&parent=51053"}],"wp:term":[{"taxonomy":"category","embeddable":true,"href":"https:\/\/ciudadtrujillo.com\/index.php?rest_route=%2Fwp%2Fv2%2Fcategories&post=51053"},{"taxonomy":"post_tag","embeddable":true,"href":"https:\/\/ciudadtrujillo.com\/index.php?rest_route=%2Fwp%2Fv2%2Ftags&post=51053"}],"curies":[{"name":"wp","href":"https:\/\/api.w.org\/{rel}","templated":true}]}}