{"id":51047,"date":"2026-03-15T23:31:44","date_gmt":"2026-03-16T03:31:44","guid":{"rendered":"https:\/\/ciudadtrujillo.com\/?p=51047"},"modified":"2026-03-15T23:31:44","modified_gmt":"2026-03-16T03:31:44","slug":"reactivacion-de-mercal-en-valera-favorece-a-mas-de-7-mil-usuarios","status":"publish","type":"post","link":"https:\/\/ciudadtrujillo.com\/?p=51047","title":{"rendered":"Reactivaci\u00f3n de Mercal en Valera favorece a m\u00e1s de 7 mil usuarios"},"content":{"rendered":"<p style=\"text-align: justify;\">En el sector El Milagro de la parroquia Mercedes D\u00edaz, municipio Valera, se realiz\u00f3 la reactivaci\u00f3n de la sede del Mercado de Alimentos C.A (Mercal), espacio que ofrece m\u00e1s de 97 rubros de la canasta b\u00e1sica para favorecer a un aproximado de 7 mil familias del punto y c\u00edrculo.<\/p>\n<p style=\"text-align: justify;\">En este sentido, la directora Territorial del Minppal Trujillo, Lcda. Yughatsi Colina, ampli\u00f3 que est\u00e1 reactivaci\u00f3n forma parte del \u00abfortalecimiento de las pol\u00edticas p\u00fablicas de alimentaci\u00f3n (&#8230;) est\u00e1n dispuestas m\u00e1s de 33 toneladas de alimentos para atender al pueblo\u00bb.<\/p>\n<p style=\"text-align: justify;\">Destac\u00f3 que esta acci\u00f3n es posible gracias al Presidente Nicol\u00e1s Maduro, con apoyo de la Presidenta encargada Delcy Rodr\u00edguez, el ministro Carlos Leal Teller\u00eda y el gobernador Gerardo M\u00e1rquez, que trabajan para garantizar la seguridad alimentaria de las familias.<\/p>\n<p style=\"text-align: justify;\">Con este espacio se estima que las personas puedan acceder a los productos con un ahorro del 10% y 30% en comparaci\u00f3n con el mercado convencional.<\/p>\n<p>&nbsp;<\/p>\n<p>&nbsp;<\/p>\n<h6>Ciudad Trujillo<br \/>\nGr\u00e1ficas: DGPG<\/h6>\n","protected":false},"excerpt":{"rendered":"<p>En el sector El Milagro de la parroquia Mercedes D\u00edaz, municipio Valera, se realiz\u00f3 la reactivaci\u00f3n de la sede del Mercado de Alimentos C.A (Mercal), espacio que ofrece m\u00e1s de&hellip; <\/p>\n","protected":false},"author":7,"featured_media":51048,"comment_status":"closed","ping_status":"closed","sticky":false,"template":"","format":"standard","meta":{"footnotes":""},"categories":[40],"tags":[],"class_list":["post-51047","post","type-post","status-publish","format-standard","has-post-thumbnail","hentry","category-grantrujillo"],"_links":{"self":[{"href":"https:\/\/ciudadtrujillo.com\/index.php?rest_route=\/wp\/v2\/posts\/51047","targetHints":{"allow":["GET"]}}],"collection":[{"href":"https:\/\/ciudadtrujillo.com\/index.php?rest_route=\/wp\/v2\/posts"}],"about":[{"href":"https:\/\/ciudadtrujillo.com\/index.php?rest_route=\/wp\/v2\/types\/post"}],"author":[{"embeddable":true,"href":"https:\/\/ciudadtrujillo.com\/index.php?rest_route=\/wp\/v2\/users\/7"}],"replies":[{"embeddable":true,"href":"https:\/\/ciudadtrujillo.com\/index.php?rest_route=%2Fwp%2Fv2%2Fcomments&post=51047"}],"version-history":[{"count":1,"href":"https:\/\/ciudadtrujillo.com\/index.php?rest_route=\/wp\/v2\/posts\/51047\/revisions"}],"predecessor-version":[{"id":51049,"href":"https:\/\/ciudadtrujillo.com\/index.php?rest_route=\/wp\/v2\/posts\/51047\/revisions\/51049"}],"wp:featuredmedia":[{"embeddable":true,"href":"https:\/\/ciudadtrujillo.com\/index.php?rest_route=\/wp\/v2\/media\/51048"}],"wp:attachment":[{"href":"https:\/\/ciudadtrujillo.com\/index.php?rest_route=%2Fwp%2Fv2%2Fmedia&parent=51047"}],"wp:term":[{"taxonomy":"category","embeddable":true,"href":"https:\/\/ciudadtrujillo.com\/index.php?rest_route=%2Fwp%2Fv2%2Fcategories&post=51047"},{"taxonomy":"post_tag","embeddable":true,"href":"https:\/\/ciudadtrujillo.com\/index.php?rest_route=%2Fwp%2Fv2%2Ftags&post=51047"}],"curies":[{"name":"wp","href":"https:\/\/api.w.org\/{rel}","templated":true}]}}