{"id":51030,"date":"2026-03-12T23:25:25","date_gmt":"2026-03-13T03:25:25","guid":{"rendered":"https:\/\/ciudadtrujillo.com\/?p=51030"},"modified":"2026-03-12T23:25:25","modified_gmt":"2026-03-13T03:25:25","slug":"entregan-financiamiento-a-territorios-con-mayor-participacion-de-valera-en-consulta-popular","status":"publish","type":"post","link":"https:\/\/ciudadtrujillo.com\/?p=51030","title":{"rendered":"Entregan financiamiento a territorios con mayor participaci\u00f3n de Valera en Consulta Popular"},"content":{"rendered":"<p style=\"text-align: justify;\">Cumpliendo con el empoderamiento impulsado por el Presidente Constitucional Nicol\u00e1s Maduro para el poder popular, este jueves se realiz\u00f3 la entrega de financiamientos a los dos territorios de Valera con mayor participaci\u00f3n en la primera Consulta Popular Nacional de 2026.<\/p>\n<p style=\"text-align: justify;\">La actividad se desarroll\u00f3 en la parroquia San Luis con la presencia del gobernador Gerardo M\u00e1rquez, el diputado Pedro Carre\u00f1o y el alcalde Alfredy Moreno, quienes entregaron la asignaci\u00f3n de $10.000 al Circuito Comunal \u00abVirgen de la Paz\u00bb (parroquia San Luis) y $5.000 mil al Circuito Comunal \u00abCh\u00e1vez y Maduro por siempre\u00bb (parroquia Mercedes D\u00edaz), tambi\u00e9n fue entregado un aporte de $800 a la comuna \u00abEl Renacer del Comandante\u00bb (parroquia Mercedes D\u00edaz).<\/p>\n<p style=\"text-align: justify;\">En este sentido, el mandatario regional mencion\u00f3 que durante esta \u00faltima consulta se registr\u00f3 la participaci\u00f3n m\u00e1s alta, enfatizando que est\u00e1n seguros de que el fortalecimiento del poder popular es el camino hacia la transformaci\u00f3n del socialismo.<\/p>\n<p style=\"text-align: justify;\">Por su parte, el alcalde Moreno destac\u00f3 que: \u00abestamos cumpliendo con el pueblo un compromiso adquirido en campa\u00f1a (&#8230;) le estamos entregando el financiamiento para que ellos lo desarrollen en obras para la gente y lo ratificamos como lo dice el gobernador Gerardo M\u00e1rquez, todo debe estar articulado con el poder popular\u00bb.<\/p>\n<p>&nbsp;<\/p>\n<p>&nbsp;<\/p>\n<h6>Ciudad Trujillo<br \/>\nGr\u00e1ficas: DGPG<\/h6>\n","protected":false},"excerpt":{"rendered":"<p>Cumpliendo con el empoderamiento impulsado por el Presidente Constitucional Nicol\u00e1s Maduro para el poder popular, este jueves se realiz\u00f3 la entrega de financiamientos a los dos territorios de Valera con&hellip; <\/p>\n","protected":false},"author":7,"featured_media":51031,"comment_status":"closed","ping_status":"closed","sticky":false,"template":"","format":"standard","meta":{"footnotes":""},"categories":[40],"tags":[],"class_list":["post-51030","post","type-post","status-publish","format-standard","has-post-thumbnail","hentry","category-grantrujillo"],"_links":{"self":[{"href":"https:\/\/ciudadtrujillo.com\/index.php?rest_route=\/wp\/v2\/posts\/51030","targetHints":{"allow":["GET"]}}],"collection":[{"href":"https:\/\/ciudadtrujillo.com\/index.php?rest_route=\/wp\/v2\/posts"}],"about":[{"href":"https:\/\/ciudadtrujillo.com\/index.php?rest_route=\/wp\/v2\/types\/post"}],"author":[{"embeddable":true,"href":"https:\/\/ciudadtrujillo.com\/index.php?rest_route=\/wp\/v2\/users\/7"}],"replies":[{"embeddable":true,"href":"https:\/\/ciudadtrujillo.com\/index.php?rest_route=%2Fwp%2Fv2%2Fcomments&post=51030"}],"version-history":[{"count":1,"href":"https:\/\/ciudadtrujillo.com\/index.php?rest_route=\/wp\/v2\/posts\/51030\/revisions"}],"predecessor-version":[{"id":51032,"href":"https:\/\/ciudadtrujillo.com\/index.php?rest_route=\/wp\/v2\/posts\/51030\/revisions\/51032"}],"wp:featuredmedia":[{"embeddable":true,"href":"https:\/\/ciudadtrujillo.com\/index.php?rest_route=\/wp\/v2\/media\/51031"}],"wp:attachment":[{"href":"https:\/\/ciudadtrujillo.com\/index.php?rest_route=%2Fwp%2Fv2%2Fmedia&parent=51030"}],"wp:term":[{"taxonomy":"category","embeddable":true,"href":"https:\/\/ciudadtrujillo.com\/index.php?rest_route=%2Fwp%2Fv2%2Fcategories&post=51030"},{"taxonomy":"post_tag","embeddable":true,"href":"https:\/\/ciudadtrujillo.com\/index.php?rest_route=%2Fwp%2Fv2%2Ftags&post=51030"}],"curies":[{"name":"wp","href":"https:\/\/api.w.org\/{rel}","templated":true}]}}