{"id":51020,"date":"2026-03-12T23:17:32","date_gmt":"2026-03-13T03:17:32","guid":{"rendered":"https:\/\/ciudadtrujillo.com\/?p=51020"},"modified":"2026-03-12T23:17:32","modified_gmt":"2026-03-13T03:17:32","slug":"ucs-egresa-91-medicos-integrales-comunitarios-en-trujillo","status":"publish","type":"post","link":"https:\/\/ciudadtrujillo.com\/?p=51020","title":{"rendered":"UCS egresa 91 m\u00e9dicos integrales comunitarios en Trujillo"},"content":{"rendered":"<p style=\"text-align: justify;\">Desde las instalaciones del Foro Bolivariano de la ciudad de Valera, se llev\u00f3 a cabo una ceremonia enfocada en la celebraci\u00f3n del D\u00eda del M\u00e9dico, donde 91 personas se recibieron como m\u00e9dicos integrales comunitarios egresados de la Universidad Ciencias de la Salud (UCS) \u00abHugo Ch\u00e1vez Fr\u00edas\u00bb. Mediante la promoci\u00f3n XXV, este acto de graduaci\u00f3n, resalt\u00f3 la vocaci\u00f3n y dedicaci\u00f3n de esta profesi\u00f3n, donde a su vez, siete especialistas recibieron certificaci\u00f3n en el \u00e1rea de gesti\u00f3n integral de centros asistenciales de salud.<\/p>\n<p style=\"text-align: justify;\">El evento protocolar estuvo presidido por la autoridad \u00fanica de Salud, Dr. Germ\u00e1n Serrano,en compa\u00f1\u00eda de la directora estadal de la UCS, Dra. Liliana Torres, director estadal de Barrio Adentro, Orlando Graterol, director estadal de educaci\u00f3n e investigaci\u00f3n, Dr. Avilio Gonz\u00e1lez, director estadal de la red de hospitales Dr. Jovanny Pab\u00f3n, directora general de secretaria, Lcda. Yadira Ram\u00edrez. Inici\u00e1ndose el mismo, mediante las palabras de aliento a los nuevos profesionales por parte del Dr. Serrano, quien inst\u00f3 a los graduando a ejercer su vocaci\u00f3n con compromiso y humanidad en cada comunidad que atienden, \u201choy culmina una etapa acad\u00e9mica e inicia una profesional, donde aportar\u00e1n un gran apoyo al pa\u00eds y m\u00e1s adelante podr\u00e1n ir hacia una especializaci\u00f3n\u201d, puntualiz\u00f3.<\/p>\n<p style=\"text-align: justify;\">Por otro lado,la directora de la UCS, expres\u00f3 \u201cnos sentimos con mucha alegr\u00eda y orgullo celebrando el d\u00eda del m\u00e9dico con esta graduaci\u00f3n, la cual representa un avance del Ministerio del Poder Popular para la Salud. Gracias al apoyo del Presidente Nicol\u00e1s Maduro, a trav\u00e9s de la Presidenta (e) Delcy Rodr\u00edguez, hoy se est\u00e1 realizando este acto a nivel nacional, logrando dar un impulso a trav\u00e9s del fortalecimiento del \u00e1rea de Salud\u201d.<\/p>\n<p style=\"text-align: justify;\">Es de resaltar, que estos nuevos m\u00e9dicos asumen la responsabilidad de velar por la salud de la poblaci\u00f3n trujillana.<\/p>\n<p>&nbsp;<\/p>\n<p>&nbsp;<\/p>\n<h6>Prensa regional Minsalud<\/h6>\n","protected":false},"excerpt":{"rendered":"<p>Desde las instalaciones del Foro Bolivariano de la ciudad de Valera, se llev\u00f3 a cabo una ceremonia enfocada en la celebraci\u00f3n del D\u00eda del M\u00e9dico, donde 91 personas se recibieron&hellip; <\/p>\n","protected":false},"author":7,"featured_media":51021,"comment_status":"closed","ping_status":"closed","sticky":false,"template":"","format":"standard","meta":{"footnotes":""},"categories":[40],"tags":[],"class_list":["post-51020","post","type-post","status-publish","format-standard","has-post-thumbnail","hentry","category-grantrujillo"],"_links":{"self":[{"href":"https:\/\/ciudadtrujillo.com\/index.php?rest_route=\/wp\/v2\/posts\/51020","targetHints":{"allow":["GET"]}}],"collection":[{"href":"https:\/\/ciudadtrujillo.com\/index.php?rest_route=\/wp\/v2\/posts"}],"about":[{"href":"https:\/\/ciudadtrujillo.com\/index.php?rest_route=\/wp\/v2\/types\/post"}],"author":[{"embeddable":true,"href":"https:\/\/ciudadtrujillo.com\/index.php?rest_route=\/wp\/v2\/users\/7"}],"replies":[{"embeddable":true,"href":"https:\/\/ciudadtrujillo.com\/index.php?rest_route=%2Fwp%2Fv2%2Fcomments&post=51020"}],"version-history":[{"count":1,"href":"https:\/\/ciudadtrujillo.com\/index.php?rest_route=\/wp\/v2\/posts\/51020\/revisions"}],"predecessor-version":[{"id":51022,"href":"https:\/\/ciudadtrujillo.com\/index.php?rest_route=\/wp\/v2\/posts\/51020\/revisions\/51022"}],"wp:featuredmedia":[{"embeddable":true,"href":"https:\/\/ciudadtrujillo.com\/index.php?rest_route=\/wp\/v2\/media\/51021"}],"wp:attachment":[{"href":"https:\/\/ciudadtrujillo.com\/index.php?rest_route=%2Fwp%2Fv2%2Fmedia&parent=51020"}],"wp:term":[{"taxonomy":"category","embeddable":true,"href":"https:\/\/ciudadtrujillo.com\/index.php?rest_route=%2Fwp%2Fv2%2Fcategories&post=51020"},{"taxonomy":"post_tag","embeddable":true,"href":"https:\/\/ciudadtrujillo.com\/index.php?rest_route=%2Fwp%2Fv2%2Ftags&post=51020"}],"curies":[{"name":"wp","href":"https:\/\/api.w.org\/{rel}","templated":true}]}}