{"id":51017,"date":"2026-03-12T23:15:52","date_gmt":"2026-03-13T03:15:52","guid":{"rendered":"https:\/\/ciudadtrujillo.com\/?p=51017"},"modified":"2026-03-12T23:15:52","modified_gmt":"2026-03-13T03:15:52","slug":"desarrollada-con-exito-jornada-de-atencion-integral-a-las-mujeres-en-la-direccion-regional-el-nino-simon","status":"publish","type":"post","link":"https:\/\/ciudadtrujillo.com\/?p=51017","title":{"rendered":"Desarrollada con \u00e9xito jornada de atenci\u00f3n integral a las mujeres en la Direcci\u00f3n Regional \u00abEl Ni\u00f1o Sim\u00f3n\u00bb\u00bb"},"content":{"rendered":"<p style=\"text-align: justify;\">En un esfuerzo por velar por la salud y el bienestar de las mujeres de la Direcci\u00f3n Regional \u00abEl Ni\u00f1o Sim\u00f3n\u00bb Trujillo, se llev\u00f3 a cabo una jornada de atenci\u00f3n integral en articulaci\u00f3n con el equipo del Hospital Dr. Jos\u00e9 Gregorio Hern\u00e1ndez y el Asic-Trujillo, donde se ofrecieron diversos servicios m\u00e9dicos, incluyendo nutrici\u00f3n, medicina general, despistaje de VIH, ginecolog\u00eda, nutrici\u00f3n y odontolog\u00eda.<\/p>\n<p style=\"text-align: justify;\">Durante la jornada, se realizaron consultas m\u00e9dicas, ex\u00e1menes preventivos y charlas informativas sobre temas de salud relevantes para las mujeres.<\/p>\n<p style=\"text-align: justify;\">\u201cEstamos muy contentos con la gran participaci\u00f3n de las trabajadoras en esta jornada. La salud de las mujeres es una prioridad, para brindarles el acceso a servicios que pueden marcar una diferencia significativa en sus vidas.\u00bb coment\u00f3 la jefa de la Unidad de Atenci\u00f3nal Ciudadano, Lcda. Karlyn Brice\u00f1o.<\/p>\n<p>&nbsp;<\/p>\n<p>&nbsp;<\/p>\n<h6>Prensa DRNSTRU \/ Karelis Dur\u00e1n<\/h6>\n","protected":false},"excerpt":{"rendered":"<p>En un esfuerzo por velar por la salud y el bienestar de las mujeres de la Direcci\u00f3n Regional \u00abEl Ni\u00f1o Sim\u00f3n\u00bb Trujillo, se llev\u00f3 a cabo una jornada de atenci\u00f3n&hellip; <\/p>\n","protected":false},"author":7,"featured_media":51018,"comment_status":"closed","ping_status":"closed","sticky":false,"template":"","format":"standard","meta":{"footnotes":""},"categories":[40],"tags":[],"class_list":["post-51017","post","type-post","status-publish","format-standard","has-post-thumbnail","hentry","category-grantrujillo"],"_links":{"self":[{"href":"https:\/\/ciudadtrujillo.com\/index.php?rest_route=\/wp\/v2\/posts\/51017","targetHints":{"allow":["GET"]}}],"collection":[{"href":"https:\/\/ciudadtrujillo.com\/index.php?rest_route=\/wp\/v2\/posts"}],"about":[{"href":"https:\/\/ciudadtrujillo.com\/index.php?rest_route=\/wp\/v2\/types\/post"}],"author":[{"embeddable":true,"href":"https:\/\/ciudadtrujillo.com\/index.php?rest_route=\/wp\/v2\/users\/7"}],"replies":[{"embeddable":true,"href":"https:\/\/ciudadtrujillo.com\/index.php?rest_route=%2Fwp%2Fv2%2Fcomments&post=51017"}],"version-history":[{"count":1,"href":"https:\/\/ciudadtrujillo.com\/index.php?rest_route=\/wp\/v2\/posts\/51017\/revisions"}],"predecessor-version":[{"id":51019,"href":"https:\/\/ciudadtrujillo.com\/index.php?rest_route=\/wp\/v2\/posts\/51017\/revisions\/51019"}],"wp:featuredmedia":[{"embeddable":true,"href":"https:\/\/ciudadtrujillo.com\/index.php?rest_route=\/wp\/v2\/media\/51018"}],"wp:attachment":[{"href":"https:\/\/ciudadtrujillo.com\/index.php?rest_route=%2Fwp%2Fv2%2Fmedia&parent=51017"}],"wp:term":[{"taxonomy":"category","embeddable":true,"href":"https:\/\/ciudadtrujillo.com\/index.php?rest_route=%2Fwp%2Fv2%2Fcategories&post=51017"},{"taxonomy":"post_tag","embeddable":true,"href":"https:\/\/ciudadtrujillo.com\/index.php?rest_route=%2Fwp%2Fv2%2Ftags&post=51017"}],"curies":[{"name":"wp","href":"https:\/\/api.w.org\/{rel}","templated":true}]}}