{"id":51010,"date":"2026-03-11T19:36:26","date_gmt":"2026-03-11T23:36:26","guid":{"rendered":"https:\/\/ciudadtrujillo.com\/?p=51010"},"modified":"2026-03-11T19:36:26","modified_gmt":"2026-03-11T23:36:26","slug":"gerardo-marquez-es-el-nuevo-presidente-de-la-federacion-venezolana-de-ciclismo","status":"publish","type":"post","link":"https:\/\/ciudadtrujillo.com\/?p=51010","title":{"rendered":"Gerardo M\u00e1rquez es el nuevo presidente de la Federaci\u00f3n Venezolana de Ciclismo"},"content":{"rendered":"<p style=\"text-align: justify;\">Este mi\u00e9rcoles se realiz\u00f3 el proceso electoral para las nuevas autoridades de la Federaci\u00f3n Venezolana de Ciclismo. Tras los comicios, Gerardo M\u00e1rquez result\u00f3 electo y juramentado como nuevo presidente de la FVC para el per\u00edodo 2026-2030 junto al resto de la nueva directiva, consejo de honor y consejo contralor.<\/p>\n<p style=\"text-align: justify;\">Tras las elecciones, el nuevo presidente de la FVC acot\u00f3 que \u00abnuestra pol\u00edtica estar\u00e1 enmarcada para la mayor y mejor atenci\u00f3n del eje central de esta federaci\u00f3n que son los atletas, as\u00ed como los jueces con una atenci\u00f3n social e integral\u00bb.<\/p>\n<p style=\"text-align: justify;\">Precis\u00f3 que en los pr\u00f3ximos d\u00edas ser\u00e1 presentada una propuesta que se discutir\u00e1 con todas las asociaciones, \u00abcon el amor por este deporte, llevaremos al ciclismo a sitios privilegiados a nivel internacional\u00bb.<\/p>\n<p style=\"text-align: justify;\">La junta directiva qued\u00f3 conformada de la siguiente manera: vicepresidente, Mervin Maldonado; 2do vicepresidente, Luis M\u00e9ndez; secretario general, Jos\u00e9 Leal;<br \/>\ntesorera, Indira Escalante y representante de los atletas, Mar\u00eda Daza.<\/p>\n<p style=\"text-align: justify;\">Asimismo, como suplentes de junta directiva: Robert Mujica, Alexander Gamarra, Jhosmer Cuadros, Gregorio Prieto, Wuilliam Rodr\u00edguez y Daniela Moncada.<\/p>\n<p style=\"text-align: justify;\">Consejo de Honor: Suham Araujo, Anais Mu\u00f1oz, Jos\u00e9 Pineda, Enrique Campos y Carlos Rodr\u00edguez.<\/p>\n<p style=\"text-align: justify;\">Suplentes: Jos\u00e9 Gonz\u00e1lez, Edgar Caballero, Freddy Arvelaez, Fernando Pazos y Juan Rivera.<\/p>\n<p style=\"text-align: justify;\">Consejo contralor: Luis Villegas, H\u00e9ctor Villarroel, Mar\u00eda Almazan, Jos\u00e9 Guillen y Rub\u00e9n Rangel.<\/p>\n<p style=\"text-align: justify;\">Suplentes: Luis Larez, Renan Rendon, Jos\u00e9 Nieto, Michele Mantola y Javier Araujo.<\/p>\n<p style=\"text-align: justify;\">Nuevos tiempos para el ciclismo venezolano.<\/p>\n<p style=\"text-align: justify;\">Cabe mencionar, que recientemente M\u00e1rquez asegur\u00f3 que, como un gran aficionado del ciclismo, tiene un proyecto que busca \u00abempujar la diversidad en cada una de las modalidades que tiene el ciclismo venezolano\u00bb.<\/p>\n<p>&nbsp;<\/p>\n<p>&nbsp;<\/p>\n<h6>Fernando Bravo\/ Ciudad Trujillo<\/h6>\n","protected":false},"excerpt":{"rendered":"<p>Este mi\u00e9rcoles se realiz\u00f3 el proceso electoral para las nuevas autoridades de la Federaci\u00f3n Venezolana de Ciclismo. Tras los comicios, Gerardo M\u00e1rquez result\u00f3 electo y juramentado como nuevo presidente de&hellip; <\/p>\n","protected":false},"author":7,"featured_media":51011,"comment_status":"closed","ping_status":"closed","sticky":false,"template":"","format":"standard","meta":{"footnotes":""},"categories":[52,40],"tags":[],"class_list":["post-51010","post","type-post","status-publish","format-standard","has-post-thumbnail","hentry","category-destacadas","category-grantrujillo"],"_links":{"self":[{"href":"https:\/\/ciudadtrujillo.com\/index.php?rest_route=\/wp\/v2\/posts\/51010","targetHints":{"allow":["GET"]}}],"collection":[{"href":"https:\/\/ciudadtrujillo.com\/index.php?rest_route=\/wp\/v2\/posts"}],"about":[{"href":"https:\/\/ciudadtrujillo.com\/index.php?rest_route=\/wp\/v2\/types\/post"}],"author":[{"embeddable":true,"href":"https:\/\/ciudadtrujillo.com\/index.php?rest_route=\/wp\/v2\/users\/7"}],"replies":[{"embeddable":true,"href":"https:\/\/ciudadtrujillo.com\/index.php?rest_route=%2Fwp%2Fv2%2Fcomments&post=51010"}],"version-history":[{"count":1,"href":"https:\/\/ciudadtrujillo.com\/index.php?rest_route=\/wp\/v2\/posts\/51010\/revisions"}],"predecessor-version":[{"id":51012,"href":"https:\/\/ciudadtrujillo.com\/index.php?rest_route=\/wp\/v2\/posts\/51010\/revisions\/51012"}],"wp:featuredmedia":[{"embeddable":true,"href":"https:\/\/ciudadtrujillo.com\/index.php?rest_route=\/wp\/v2\/media\/51011"}],"wp:attachment":[{"href":"https:\/\/ciudadtrujillo.com\/index.php?rest_route=%2Fwp%2Fv2%2Fmedia&parent=51010"}],"wp:term":[{"taxonomy":"category","embeddable":true,"href":"https:\/\/ciudadtrujillo.com\/index.php?rest_route=%2Fwp%2Fv2%2Fcategories&post=51010"},{"taxonomy":"post_tag","embeddable":true,"href":"https:\/\/ciudadtrujillo.com\/index.php?rest_route=%2Fwp%2Fv2%2Ftags&post=51010"}],"curies":[{"name":"wp","href":"https:\/\/api.w.org\/{rel}","templated":true}]}}