{"id":50987,"date":"2026-03-10T22:21:09","date_gmt":"2026-03-11T02:21:09","guid":{"rendered":"https:\/\/ciudadtrujillo.com\/?p=50987"},"modified":"2026-03-10T22:21:09","modified_gmt":"2026-03-11T02:21:09","slug":"gobierno-bolivariano-instala-camaras-de-seguridad-en-valera","status":"publish","type":"post","link":"https:\/\/ciudadtrujillo.com\/?p=50987","title":{"rendered":"Gobierno Bolivariano instala c\u00e1maras de seguridad en Valera"},"content":{"rendered":"<p style=\"text-align: justify;\">Con el prop\u00f3sito de brindar mayor seguridad a los habitantes del municipio Valera, se procedi\u00f3 con la instalaci\u00f3n de 30 c\u00e1maras de vigilancia en 10 puntos de esta jurisdicci\u00f3n.<\/p>\n<p style=\"text-align: justify;\">El alcalde Alfredy Moreno indic\u00f3 que con esta acci\u00f3n se cumplen las instrucciones del ministro Diosdado Cabello, quien en su reciente visita al municipio anunci\u00f3 la dotaci\u00f3n de estos equipos a trav\u00e9s del Ven911, en articulaci\u00f3n con los organismos de seguridad y contando con el apoyo rotundo del gobernador Gerardo M\u00e1rquez.<\/p>\n<p style=\"text-align: justify;\">En el municipio Valera ya suman 64 c\u00e1maras instaladas, adicion\u00e1ndose 16 m\u00e1s en la poblaci\u00f3n de Isnot\u00fa, municipio Rafael Rangel, para un total de 80 c\u00e1maras gestionadas por el VEN911, instancia coordinada en el estado por el comisario Jos\u00e9 Escalona, quien manifest\u00f3 que estas c\u00e1maras est\u00e1n conectadas a trav\u00e9s de la Sala de Televigilancia con monitoreo las 24 horas del d\u00eda, garantizando as\u00ed la paz, seguridad y tranquilidad de la ciudadan\u00eda.<\/p>\n<p style=\"text-align: justify;\">Para esta acci\u00f3n trabajan de manera articulada los diferentes niveles de gobierno: nacional, estadal y municipal, en aras de impulsar el renacer de Valera.<\/p>\n<p>&nbsp;<\/p>\n<p>&nbsp;<\/p>\n<h6>Prensa Alcald\u00eda Comunal de Valera<\/h6>\n","protected":false},"excerpt":{"rendered":"<p>Con el prop\u00f3sito de brindar mayor seguridad a los habitantes del municipio Valera, se procedi\u00f3 con la instalaci\u00f3n de 30 c\u00e1maras de vigilancia en 10 puntos de esta jurisdicci\u00f3n. El&hellip; <\/p>\n","protected":false},"author":7,"featured_media":50988,"comment_status":"closed","ping_status":"closed","sticky":false,"template":"","format":"standard","meta":{"footnotes":""},"categories":[40],"tags":[],"class_list":["post-50987","post","type-post","status-publish","format-standard","has-post-thumbnail","hentry","category-grantrujillo"],"_links":{"self":[{"href":"https:\/\/ciudadtrujillo.com\/index.php?rest_route=\/wp\/v2\/posts\/50987","targetHints":{"allow":["GET"]}}],"collection":[{"href":"https:\/\/ciudadtrujillo.com\/index.php?rest_route=\/wp\/v2\/posts"}],"about":[{"href":"https:\/\/ciudadtrujillo.com\/index.php?rest_route=\/wp\/v2\/types\/post"}],"author":[{"embeddable":true,"href":"https:\/\/ciudadtrujillo.com\/index.php?rest_route=\/wp\/v2\/users\/7"}],"replies":[{"embeddable":true,"href":"https:\/\/ciudadtrujillo.com\/index.php?rest_route=%2Fwp%2Fv2%2Fcomments&post=50987"}],"version-history":[{"count":1,"href":"https:\/\/ciudadtrujillo.com\/index.php?rest_route=\/wp\/v2\/posts\/50987\/revisions"}],"predecessor-version":[{"id":50989,"href":"https:\/\/ciudadtrujillo.com\/index.php?rest_route=\/wp\/v2\/posts\/50987\/revisions\/50989"}],"wp:featuredmedia":[{"embeddable":true,"href":"https:\/\/ciudadtrujillo.com\/index.php?rest_route=\/wp\/v2\/media\/50988"}],"wp:attachment":[{"href":"https:\/\/ciudadtrujillo.com\/index.php?rest_route=%2Fwp%2Fv2%2Fmedia&parent=50987"}],"wp:term":[{"taxonomy":"category","embeddable":true,"href":"https:\/\/ciudadtrujillo.com\/index.php?rest_route=%2Fwp%2Fv2%2Fcategories&post=50987"},{"taxonomy":"post_tag","embeddable":true,"href":"https:\/\/ciudadtrujillo.com\/index.php?rest_route=%2Fwp%2Fv2%2Ftags&post=50987"}],"curies":[{"name":"wp","href":"https:\/\/api.w.org\/{rel}","templated":true}]}}