{"id":50984,"date":"2026-03-10T22:19:28","date_gmt":"2026-03-11T02:19:28","guid":{"rendered":"https:\/\/ciudadtrujillo.com\/?p=50984"},"modified":"2026-03-10T22:19:28","modified_gmt":"2026-03-11T02:19:28","slug":"con-plan-de-desarrollo-cafetalero-preven-sembrar-1-millon-de-plantas-en-campo-elias","status":"publish","type":"post","link":"https:\/\/ciudadtrujillo.com\/?p=50984","title":{"rendered":"Con Plan de Desarrollo Cafetalero prev\u00e9n sembrar 1 mill\u00f3n de plantas en Campo El\u00edas"},"content":{"rendered":"<p style=\"text-align: justify;\">Para garantizar el \u00e9xito del Plan de Desarrollo Cafetalero impulsado por el alcalde Jos\u00e9 Luis Torrealba, avanza el seguimiento de dicha iniciativa que est\u00e1 conformada por 350 productores inicialmente, con quienes se prev\u00e9 sembrar un mill\u00f3n de plantas que abarca 200 hect\u00e1reas aproximadamente.<\/p>\n<p style=\"text-align: justify;\">Por la alcald\u00eda, promotora de este plan, se brinda asistencia t\u00e9cnica, as\u00ed como insumos como bolsas de vivero, y el seguimiento del desarrollo del plan, tambi\u00e9n se prev\u00e9 que a trav\u00e9s de las Consultas Populares Campesinas se garantice el apoyo con fertilizantes.<\/p>\n<p style=\"text-align: justify;\">Cabe resaltar que los equipos de la alcald\u00eda y el ministerio de agricultura, se despleg\u00f3 recientemente en el sector La Cuchilla parte baja, en el consejo campesino, para realizar una visita t\u00e9cnica a los viveros que hoy se desarrollan como una pol\u00edtica Agroalimentaria para la calidad cafetalera del municipio.<\/p>\n<p>&nbsp;<\/p>\n<p>&nbsp;<\/p>\n<h6>Prensa Alcald\u00eda Bolivariana de Campo El\u00edas<\/h6>\n","protected":false},"excerpt":{"rendered":"<p>Para garantizar el \u00e9xito del Plan de Desarrollo Cafetalero impulsado por el alcalde Jos\u00e9 Luis Torrealba, avanza el seguimiento de dicha iniciativa que est\u00e1 conformada por 350 productores inicialmente, con&hellip; <\/p>\n","protected":false},"author":7,"featured_media":50985,"comment_status":"closed","ping_status":"closed","sticky":false,"template":"","format":"standard","meta":{"footnotes":""},"categories":[40],"tags":[],"class_list":["post-50984","post","type-post","status-publish","format-standard","has-post-thumbnail","hentry","category-grantrujillo"],"_links":{"self":[{"href":"https:\/\/ciudadtrujillo.com\/index.php?rest_route=\/wp\/v2\/posts\/50984","targetHints":{"allow":["GET"]}}],"collection":[{"href":"https:\/\/ciudadtrujillo.com\/index.php?rest_route=\/wp\/v2\/posts"}],"about":[{"href":"https:\/\/ciudadtrujillo.com\/index.php?rest_route=\/wp\/v2\/types\/post"}],"author":[{"embeddable":true,"href":"https:\/\/ciudadtrujillo.com\/index.php?rest_route=\/wp\/v2\/users\/7"}],"replies":[{"embeddable":true,"href":"https:\/\/ciudadtrujillo.com\/index.php?rest_route=%2Fwp%2Fv2%2Fcomments&post=50984"}],"version-history":[{"count":1,"href":"https:\/\/ciudadtrujillo.com\/index.php?rest_route=\/wp\/v2\/posts\/50984\/revisions"}],"predecessor-version":[{"id":50986,"href":"https:\/\/ciudadtrujillo.com\/index.php?rest_route=\/wp\/v2\/posts\/50984\/revisions\/50986"}],"wp:featuredmedia":[{"embeddable":true,"href":"https:\/\/ciudadtrujillo.com\/index.php?rest_route=\/wp\/v2\/media\/50985"}],"wp:attachment":[{"href":"https:\/\/ciudadtrujillo.com\/index.php?rest_route=%2Fwp%2Fv2%2Fmedia&parent=50984"}],"wp:term":[{"taxonomy":"category","embeddable":true,"href":"https:\/\/ciudadtrujillo.com\/index.php?rest_route=%2Fwp%2Fv2%2Fcategories&post=50984"},{"taxonomy":"post_tag","embeddable":true,"href":"https:\/\/ciudadtrujillo.com\/index.php?rest_route=%2Fwp%2Fv2%2Ftags&post=50984"}],"curies":[{"name":"wp","href":"https:\/\/api.w.org\/{rel}","templated":true}]}}