{"id":50981,"date":"2026-03-10T22:17:57","date_gmt":"2026-03-11T02:17:57","guid":{"rendered":"https:\/\/ciudadtrujillo.com\/?p=50981"},"modified":"2026-03-11T06:11:52","modified_gmt":"2026-03-11T10:11:52","slug":"farmacias-comunitarias-entregaron-mas-de-19-mil-en-el-estado","status":"publish","type":"post","link":"https:\/\/ciudadtrujillo.com\/?p=50981","title":{"rendered":"Farmacias Comunitarias entregaron m\u00e1s de 19 mil medicamentos en el estado\u00a0"},"content":{"rendered":"<div class=\"gmail_attr\" dir=\"ltr\" style=\"text-align: justify;\">Con el prop\u00f3sito de brindar apoyo a los trujillanos en referencia al cumplimiento de tratamientos de salud, la direcci\u00f3n estadal de Farmacias Comunitarias, adscrita a la Fundaci\u00f3n Trujillana de la Salud (Fundasalud) durante el pasado mes de febrero, realiz\u00f3 la entrega de un total de 19 mil 325 medicamentos a 552 pacientes a trav\u00e9s de sus 15 sedes ubicadas en distintos puntos de la regi\u00f3n.<\/div>\n<div dir=\"auto\">\n<div class=\"gmail_quote\" dir=\"auto\">\n<div dir=\"auto\">\n<div dir=\"auto\" style=\"text-align: justify;\"><\/div>\n<div dir=\"auto\" style=\"text-align: justify;\">Seg\u00fan el reporte emitido por dicha dependencia, se detall\u00f3 que fueron favorecidos 242 pacientes con patolog\u00edas agudas, con la entrega de 4 mil 700 medicamentos.<\/div>\n<div dir=\"auto\" style=\"text-align: justify;\"><\/div>\n<div dir=\"auto\" style=\"text-align: justify;\">Asimismo, se atendieron 227 pacientes con patolog\u00edas cr\u00f3nicas con la entrega de 7 mil 245 medicamentos, totalmente gratis para la cobertura de sus tratamientos. Adem\u00e1s, tambi\u00e9n fueron favorecidas 56 embarazadas con el despacho de 7 mil 200 f\u00e1rmacos. En referencia a pacientes insulinodependientes, se hizo entrega de\u00a0 99 insulinas en sus diversas presentaciones a 27 usuarios.<\/div>\n<\/div>\n<\/div>\n<div dir=\"auto\"><\/div>\n<div dir=\"auto\"><\/div>\n<div dir=\"auto\"><\/div>\n<h6 dir=\"auto\" style=\"text-align: justify;\">Prensa Regional MinSalud\/ Isabel N\u00fa\u00f1ez<\/h6>\n<\/div>\n","protected":false},"excerpt":{"rendered":"<p>Con el prop\u00f3sito de brindar apoyo a los trujillanos en referencia al cumplimiento de tratamientos de salud, la direcci\u00f3n estadal de Farmacias Comunitarias, adscrita a la Fundaci\u00f3n Trujillana de la&hellip; <\/p>\n","protected":false},"author":7,"featured_media":50982,"comment_status":"closed","ping_status":"closed","sticky":false,"template":"","format":"standard","meta":{"footnotes":""},"categories":[40],"tags":[],"class_list":["post-50981","post","type-post","status-publish","format-standard","has-post-thumbnail","hentry","category-grantrujillo"],"_links":{"self":[{"href":"https:\/\/ciudadtrujillo.com\/index.php?rest_route=\/wp\/v2\/posts\/50981","targetHints":{"allow":["GET"]}}],"collection":[{"href":"https:\/\/ciudadtrujillo.com\/index.php?rest_route=\/wp\/v2\/posts"}],"about":[{"href":"https:\/\/ciudadtrujillo.com\/index.php?rest_route=\/wp\/v2\/types\/post"}],"author":[{"embeddable":true,"href":"https:\/\/ciudadtrujillo.com\/index.php?rest_route=\/wp\/v2\/users\/7"}],"replies":[{"embeddable":true,"href":"https:\/\/ciudadtrujillo.com\/index.php?rest_route=%2Fwp%2Fv2%2Fcomments&post=50981"}],"version-history":[{"count":3,"href":"https:\/\/ciudadtrujillo.com\/index.php?rest_route=\/wp\/v2\/posts\/50981\/revisions"}],"predecessor-version":[{"id":50993,"href":"https:\/\/ciudadtrujillo.com\/index.php?rest_route=\/wp\/v2\/posts\/50981\/revisions\/50993"}],"wp:featuredmedia":[{"embeddable":true,"href":"https:\/\/ciudadtrujillo.com\/index.php?rest_route=\/wp\/v2\/media\/50982"}],"wp:attachment":[{"href":"https:\/\/ciudadtrujillo.com\/index.php?rest_route=%2Fwp%2Fv2%2Fmedia&parent=50981"}],"wp:term":[{"taxonomy":"category","embeddable":true,"href":"https:\/\/ciudadtrujillo.com\/index.php?rest_route=%2Fwp%2Fv2%2Fcategories&post=50981"},{"taxonomy":"post_tag","embeddable":true,"href":"https:\/\/ciudadtrujillo.com\/index.php?rest_route=%2Fwp%2Fv2%2Ftags&post=50981"}],"curies":[{"name":"wp","href":"https:\/\/api.w.org\/{rel}","templated":true}]}}