{"id":50978,"date":"2026-03-10T22:16:22","date_gmt":"2026-03-11T02:16:22","guid":{"rendered":"https:\/\/ciudadtrujillo.com\/?p=50978"},"modified":"2026-03-10T22:16:22","modified_gmt":"2026-03-11T02:16:22","slug":"saime-realiza-jornada-de-cedulacion-en-el-municipio-la-ceiba","status":"publish","type":"post","link":"https:\/\/ciudadtrujillo.com\/?p=50978","title":{"rendered":"Saime realiza jornada de cedulaci\u00f3n en el municipio La Ceiba"},"content":{"rendered":"<p style=\"text-align: justify;\">Desde este lunes 9 hasta el domingo 15 de marzo, se estar\u00e1 efectuando una atenci\u00f3n integral de expedici\u00f3n de c\u00e9dulas por parte del Servicio Administrativo de Identificaci\u00f3n, Migraci\u00f3n y Extranjer\u00eda (Saime) en el municipio La Ceiba.<\/p>\n<p style=\"text-align: justify;\">La agenda inici\u00f3 este lunes en la avenida principal de la parroquia Santa Apolonia, quedando pendiente para ma\u00f1ana martes la atenci\u00f3n en la parroquia Tres de Febrero, el mi\u00e9rcoles en la parroquia El Progreso, el jueves en La Ceiba y el viernes se dar\u00e1 prioridad a instituciones y rezagados.<\/p>\n<p style=\"text-align: justify;\">La Msc. Tagasy Reyes, alcaldesa comunal del municipio La Ceiba, detall\u00f3 que el Saime est\u00e1 acudiendo a las comunidades como parte de una importante iniciativa del gobierno nacional, a cargo de la Dra. Delcy Rodr\u00edguez, Presidente Encargada de la Rep\u00fablica Bolivariana de Venezuela, de la mano con el Mayor Gerardo M\u00e1rquez, Gobernador del Estado Trujillo y con el apoyo de la Licenciada Cira Naranjo, directora regional de dicho organismo.<\/p>\n<p style=\"text-align: justify;\">La primera autoridad civil explic\u00f3 que se tiene prevista la expedici\u00f3n de m\u00e1s de tres mil c\u00e9dulas de identidad para estos d\u00edas, contando con el respaldo t\u00e9cnico de funcionarios venidos desde Caracas, m\u00e1s los destacados en la entidad.<\/p>\n<p style=\"text-align: justify;\">\u00abHoy hemos tenido se\u00f1ores mayores de edad que ten\u00edan veinte a\u00f1os con la c\u00e9dula vencida y est\u00e1n agradecidos con el Gobierno Bolivariano de Venezuela, porque jam\u00e1s hab\u00eda llegado este servicio al municipio\u00bb, agreg\u00f3.<\/p>\n<p style=\"text-align: justify;\">Cabe mencionar que el trailer disponible estar\u00e1 a la orden de los habitantes de municipios y estados cercanos, sin necesidad de pedir cita previa, tan solo mostrando la c\u00e9dula vencida o su partida de nacimiento.<\/p>\n<p>&nbsp;<\/p>\n<p>&nbsp;<\/p>\n<h6>Juan Pazos<br \/>\nGr\u00e1ficas: Bel\u00e9n Oropeza\/Diego Montilla<\/h6>\n","protected":false},"excerpt":{"rendered":"<p>Desde este lunes 9 hasta el domingo 15 de marzo, se estar\u00e1 efectuando una atenci\u00f3n integral de expedici\u00f3n de c\u00e9dulas por parte del Servicio Administrativo de Identificaci\u00f3n, Migraci\u00f3n y Extranjer\u00eda&hellip; <\/p>\n","protected":false},"author":7,"featured_media":50979,"comment_status":"closed","ping_status":"closed","sticky":false,"template":"","format":"standard","meta":{"footnotes":""},"categories":[40],"tags":[],"class_list":["post-50978","post","type-post","status-publish","format-standard","has-post-thumbnail","hentry","category-grantrujillo"],"_links":{"self":[{"href":"https:\/\/ciudadtrujillo.com\/index.php?rest_route=\/wp\/v2\/posts\/50978","targetHints":{"allow":["GET"]}}],"collection":[{"href":"https:\/\/ciudadtrujillo.com\/index.php?rest_route=\/wp\/v2\/posts"}],"about":[{"href":"https:\/\/ciudadtrujillo.com\/index.php?rest_route=\/wp\/v2\/types\/post"}],"author":[{"embeddable":true,"href":"https:\/\/ciudadtrujillo.com\/index.php?rest_route=\/wp\/v2\/users\/7"}],"replies":[{"embeddable":true,"href":"https:\/\/ciudadtrujillo.com\/index.php?rest_route=%2Fwp%2Fv2%2Fcomments&post=50978"}],"version-history":[{"count":1,"href":"https:\/\/ciudadtrujillo.com\/index.php?rest_route=\/wp\/v2\/posts\/50978\/revisions"}],"predecessor-version":[{"id":50980,"href":"https:\/\/ciudadtrujillo.com\/index.php?rest_route=\/wp\/v2\/posts\/50978\/revisions\/50980"}],"wp:featuredmedia":[{"embeddable":true,"href":"https:\/\/ciudadtrujillo.com\/index.php?rest_route=\/wp\/v2\/media\/50979"}],"wp:attachment":[{"href":"https:\/\/ciudadtrujillo.com\/index.php?rest_route=%2Fwp%2Fv2%2Fmedia&parent=50978"}],"wp:term":[{"taxonomy":"category","embeddable":true,"href":"https:\/\/ciudadtrujillo.com\/index.php?rest_route=%2Fwp%2Fv2%2Fcategories&post=50978"},{"taxonomy":"post_tag","embeddable":true,"href":"https:\/\/ciudadtrujillo.com\/index.php?rest_route=%2Fwp%2Fv2%2Ftags&post=50978"}],"curies":[{"name":"wp","href":"https:\/\/api.w.org\/{rel}","templated":true}]}}