{"id":50921,"date":"2026-03-09T21:54:18","date_gmt":"2026-03-10T01:54:18","guid":{"rendered":"https:\/\/ciudadtrujillo.com\/?p=50921"},"modified":"2026-03-09T21:54:18","modified_gmt":"2026-03-10T01:54:18","slug":"emao-garantiza-agua-potable-a-familias-en-seis-municipios-del-estado","status":"publish","type":"post","link":"https:\/\/ciudadtrujillo.com\/?p=50921","title":{"rendered":"Emao garantiza agua potable a familias en seis municipios del estado"},"content":{"rendered":"<p>&nbsp;<\/p>\n<p>Como parte de las pol\u00edticas de atenci\u00f3n integral lideradas por el gobernador Gerardo M\u00e1rquez, la Empresa de Mantenimiento, Aseo y Ornato (Emao) despach\u00f3 un total de 1.270.000 litros de agua potable durante la \u00faltima semana, fortaleciendo el acceso al vital l\u00edquido en la entidad.<\/p>\n<p>Esta importante distribuci\u00f3n favoreci\u00f3 directamente a las familias de diversas comunidades en los municipios Valera, San Rafael de Carvajal, Trujillo (capital), Escuque, Pamp\u00e1n y Motat\u00e1n. Adem\u00e1s, el despliegue permiti\u00f3 abastecer a instituciones p\u00fablicas, garantizando la operatividad de los servicios esenciales.<\/p>\n<p>Asimismo, las cuadrillas de la empresa ejecutaron jornadas de limpieza y desmalezamiento. Durante estas labores se recolectaron 54.8 toneladas de desechos vegetales y 21.5 toneladas de sedimentos en 45.2 kil\u00f3metros de vialidad, impactando positivamente en los municipios Valera, Pampanito, San Rafael de Carvajal, Bocon\u00f3, Rafael Rangel y Urdaneta.<\/p>\n<p>Por otra parte, el servicio de aseo urbano mantuvo su despliegue operativo logrando recolectar 84 toneladas de desechos s\u00f3lidos en sectores de Valera, Escuque y Trujillo capital. Esta acci\u00f3n incluy\u00f3 la atenci\u00f3n a centros de salud, espacios p\u00fablicos e instituciones, optimizando el saneamiento ambiental en la regi\u00f3n.<\/p>\n<p>Con estas acciones, la empresa reafirma su compromiso con el pueblo trujillano, trabajando de manera articulada para elevar la calidad de vida y asegurar el mantenimiento de los espacios p\u00fablicos en la regi\u00f3n.<\/p>\n<p>&nbsp;<\/p>\n<p>&nbsp;<\/p>\n<p><strong><em>Ciudad Trujillo<\/em><\/strong><\/p>\n","protected":false},"excerpt":{"rendered":"<p>&nbsp; Como parte de las pol\u00edticas de atenci\u00f3n integral lideradas por el gobernador Gerardo M\u00e1rquez, la Empresa de Mantenimiento, Aseo y Ornato (Emao) despach\u00f3 un total de 1.270.000 litros de&hellip; <\/p>\n","protected":false},"author":7,"featured_media":50922,"comment_status":"closed","ping_status":"closed","sticky":false,"template":"","format":"standard","meta":{"footnotes":""},"categories":[40],"tags":[],"class_list":["post-50921","post","type-post","status-publish","format-standard","has-post-thumbnail","hentry","category-grantrujillo"],"_links":{"self":[{"href":"https:\/\/ciudadtrujillo.com\/index.php?rest_route=\/wp\/v2\/posts\/50921","targetHints":{"allow":["GET"]}}],"collection":[{"href":"https:\/\/ciudadtrujillo.com\/index.php?rest_route=\/wp\/v2\/posts"}],"about":[{"href":"https:\/\/ciudadtrujillo.com\/index.php?rest_route=\/wp\/v2\/types\/post"}],"author":[{"embeddable":true,"href":"https:\/\/ciudadtrujillo.com\/index.php?rest_route=\/wp\/v2\/users\/7"}],"replies":[{"embeddable":true,"href":"https:\/\/ciudadtrujillo.com\/index.php?rest_route=%2Fwp%2Fv2%2Fcomments&post=50921"}],"version-history":[{"count":1,"href":"https:\/\/ciudadtrujillo.com\/index.php?rest_route=\/wp\/v2\/posts\/50921\/revisions"}],"predecessor-version":[{"id":50923,"href":"https:\/\/ciudadtrujillo.com\/index.php?rest_route=\/wp\/v2\/posts\/50921\/revisions\/50923"}],"wp:featuredmedia":[{"embeddable":true,"href":"https:\/\/ciudadtrujillo.com\/index.php?rest_route=\/wp\/v2\/media\/50922"}],"wp:attachment":[{"href":"https:\/\/ciudadtrujillo.com\/index.php?rest_route=%2Fwp%2Fv2%2Fmedia&parent=50921"}],"wp:term":[{"taxonomy":"category","embeddable":true,"href":"https:\/\/ciudadtrujillo.com\/index.php?rest_route=%2Fwp%2Fv2%2Fcategories&post=50921"},{"taxonomy":"post_tag","embeddable":true,"href":"https:\/\/ciudadtrujillo.com\/index.php?rest_route=%2Fwp%2Fv2%2Ftags&post=50921"}],"curies":[{"name":"wp","href":"https:\/\/api.w.org\/{rel}","templated":true}]}}