{"id":50918,"date":"2026-03-09T21:52:55","date_gmt":"2026-03-10T01:52:55","guid":{"rendered":"https:\/\/ciudadtrujillo.com\/?p=50918"},"modified":"2026-03-09T23:22:50","modified_gmt":"2026-03-10T03:22:50","slug":"anuncian-plan-de-financiamiento-para-el-transporte-publico-en-trujillo","status":"publish","type":"post","link":"https:\/\/ciudadtrujillo.com\/?p=50918","title":{"rendered":"Anuncian plan de financiamiento para el transporte p\u00fablico en Trujillo"},"content":{"rendered":"<p>&nbsp;<\/p>\n<p>El gobernador Gerardo M\u00e1rquez y el presidente del Movimiento Bolivariano Sindical Profesional de Transportistas en Venezuela, Jorge Mujica, anunciaron un plan para el acompa\u00f1amiento y transformaci\u00f3n integral del transporte p\u00fablico en el estado Trujillo, el cual contar\u00e1 con un fondo de 1,5 millones de d\u00f3lares.<\/p>\n<p>Mujica se\u00f1al\u00f3 que estos recursos gestionados a trav\u00e9s de alianzas con la banca privada, ser\u00e1n destinados directamente a cr\u00e9ditos para la renovaci\u00f3n de flota, repotenciaci\u00f3n de unidades y adquisici\u00f3n de insumos, a fin de mejorar el servicio de transporte en la entidad.<\/p>\n<p>Asimismo, mencion\u00f3 la futura implementaci\u00f3n de la aplicaci\u00f3n Movi By Bancamiga orientada a la transformaci\u00f3n del sistema tradicional de pago del pasaje, lo que facilitar\u00e1 el servicio tanto para los usuarios como para los transportistas.<\/p>\n<p>\u201cHemos estado articulando con Bancamiga para la digitalizaci\u00f3n del pasaje del transporte p\u00fablico en el pa\u00eds. Estamos en disposici\u00f3n de trabajar junto a la gobernaci\u00f3n y los alcaldes bolivarianos para atender a los transportistas trujillanos\u201d, expres\u00f3 Mujica.<\/p>\n<p>En este sentido, el mandatario regional subray\u00f3 que este financiamiento de 1,5 millones de d\u00f3lares es una \u00abbuena noticia\u00bb para el desarrollo econ\u00f3mico local, permitiendo que los emprendedores del sector transporte puedan acceder a cr\u00e9ditos y a la transformaci\u00f3n digital.<\/p>\n<p>&nbsp;<\/p>\n<p>&nbsp;<\/p>\n<p><strong><em>\u00daltimas Noticias<\/em><\/strong><br \/>\n<strong><em>Gr\u00e1ficas: Cortes\u00eda<\/em><\/strong><\/p>\n","protected":false},"excerpt":{"rendered":"<p>&nbsp; El gobernador Gerardo M\u00e1rquez y el presidente del Movimiento Bolivariano Sindical Profesional de Transportistas en Venezuela, Jorge Mujica, anunciaron un plan para el acompa\u00f1amiento y transformaci\u00f3n integral del transporte&hellip; <\/p>\n","protected":false},"author":7,"featured_media":50936,"comment_status":"closed","ping_status":"closed","sticky":false,"template":"","format":"standard","meta":{"footnotes":""},"categories":[40],"tags":[],"class_list":["post-50918","post","type-post","status-publish","format-standard","has-post-thumbnail","hentry","category-grantrujillo"],"_links":{"self":[{"href":"https:\/\/ciudadtrujillo.com\/index.php?rest_route=\/wp\/v2\/posts\/50918","targetHints":{"allow":["GET"]}}],"collection":[{"href":"https:\/\/ciudadtrujillo.com\/index.php?rest_route=\/wp\/v2\/posts"}],"about":[{"href":"https:\/\/ciudadtrujillo.com\/index.php?rest_route=\/wp\/v2\/types\/post"}],"author":[{"embeddable":true,"href":"https:\/\/ciudadtrujillo.com\/index.php?rest_route=\/wp\/v2\/users\/7"}],"replies":[{"embeddable":true,"href":"https:\/\/ciudadtrujillo.com\/index.php?rest_route=%2Fwp%2Fv2%2Fcomments&post=50918"}],"version-history":[{"count":1,"href":"https:\/\/ciudadtrujillo.com\/index.php?rest_route=\/wp\/v2\/posts\/50918\/revisions"}],"predecessor-version":[{"id":50920,"href":"https:\/\/ciudadtrujillo.com\/index.php?rest_route=\/wp\/v2\/posts\/50918\/revisions\/50920"}],"wp:featuredmedia":[{"embeddable":true,"href":"https:\/\/ciudadtrujillo.com\/index.php?rest_route=\/wp\/v2\/media\/50936"}],"wp:attachment":[{"href":"https:\/\/ciudadtrujillo.com\/index.php?rest_route=%2Fwp%2Fv2%2Fmedia&parent=50918"}],"wp:term":[{"taxonomy":"category","embeddable":true,"href":"https:\/\/ciudadtrujillo.com\/index.php?rest_route=%2Fwp%2Fv2%2Fcategories&post=50918"},{"taxonomy":"post_tag","embeddable":true,"href":"https:\/\/ciudadtrujillo.com\/index.php?rest_route=%2Fwp%2Fv2%2Ftags&post=50918"}],"curies":[{"name":"wp","href":"https:\/\/api.w.org\/{rel}","templated":true}]}}