{"id":50912,"date":"2026-03-09T21:49:56","date_gmt":"2026-03-10T01:49:56","guid":{"rendered":"https:\/\/ciudadtrujillo.com\/?p=50912"},"modified":"2026-03-09T21:49:56","modified_gmt":"2026-03-10T01:49:56","slug":"gobierno-regional-aborda-vias-agricolas-en-municipio-bocono","status":"publish","type":"post","link":"https:\/\/ciudadtrujillo.com\/?p=50912","title":{"rendered":"Gobierno regional aborda v\u00edas agr\u00edcolas en municipio Bocon\u00f3"},"content":{"rendered":"<p>&nbsp;<\/p>\n<p>Cumpliendo con la palabra empe\u00f1ada del gobernador Gerardo M\u00e1rquez, las v\u00edas agr\u00edcolas del estado Trujillo contin\u00faan siendo atendidas con el despliegue de la maquinaria necesaria para su recuperaci\u00f3n por parte de la Direcci\u00f3n General de Desarrollo Agroecol\u00f3gico.<\/p>\n<p>En esta oportunidad uno de los municipios abordados es Bocon\u00f3, precisamente en la parroquia Monse\u00f1or J\u00e1uregui, donde se rehabilitan 3.6 kil\u00f3metros de vialidad agr\u00edcola.<\/p>\n<p>Con estas labores se favorecen 476 productores e indirectamente a 689 trabajadores de la tierra; atendiendo tambi\u00e9n a 652 familias en la comunidad de Chejend\u00e9 entre los sectores de Miquinoque, La Mesa y El Estill\u00f3n.<\/p>\n<p>De esta manera se evidencia la respuesta inmediata por parte del gobierno regional para seguir fortaleciendo la producci\u00f3n en el estado.<\/p>\n<p>&nbsp;<\/p>\n<p>&nbsp;<\/p>\n<p>&nbsp;<\/p>\n<h6><em>Prensa Desarrollo Agroecol\u00f3gico<\/em><\/h6>\n","protected":false},"excerpt":{"rendered":"<p>&nbsp; Cumpliendo con la palabra empe\u00f1ada del gobernador Gerardo M\u00e1rquez, las v\u00edas agr\u00edcolas del estado Trujillo contin\u00faan siendo atendidas con el despliegue de la maquinaria necesaria para su recuperaci\u00f3n por&hellip; <\/p>\n","protected":false},"author":7,"featured_media":50913,"comment_status":"closed","ping_status":"closed","sticky":false,"template":"","format":"standard","meta":{"footnotes":""},"categories":[52,40],"tags":[],"class_list":["post-50912","post","type-post","status-publish","format-standard","has-post-thumbnail","hentry","category-destacadas","category-grantrujillo"],"_links":{"self":[{"href":"https:\/\/ciudadtrujillo.com\/index.php?rest_route=\/wp\/v2\/posts\/50912","targetHints":{"allow":["GET"]}}],"collection":[{"href":"https:\/\/ciudadtrujillo.com\/index.php?rest_route=\/wp\/v2\/posts"}],"about":[{"href":"https:\/\/ciudadtrujillo.com\/index.php?rest_route=\/wp\/v2\/types\/post"}],"author":[{"embeddable":true,"href":"https:\/\/ciudadtrujillo.com\/index.php?rest_route=\/wp\/v2\/users\/7"}],"replies":[{"embeddable":true,"href":"https:\/\/ciudadtrujillo.com\/index.php?rest_route=%2Fwp%2Fv2%2Fcomments&post=50912"}],"version-history":[{"count":1,"href":"https:\/\/ciudadtrujillo.com\/index.php?rest_route=\/wp\/v2\/posts\/50912\/revisions"}],"predecessor-version":[{"id":50914,"href":"https:\/\/ciudadtrujillo.com\/index.php?rest_route=\/wp\/v2\/posts\/50912\/revisions\/50914"}],"wp:featuredmedia":[{"embeddable":true,"href":"https:\/\/ciudadtrujillo.com\/index.php?rest_route=\/wp\/v2\/media\/50913"}],"wp:attachment":[{"href":"https:\/\/ciudadtrujillo.com\/index.php?rest_route=%2Fwp%2Fv2%2Fmedia&parent=50912"}],"wp:term":[{"taxonomy":"category","embeddable":true,"href":"https:\/\/ciudadtrujillo.com\/index.php?rest_route=%2Fwp%2Fv2%2Fcategories&post=50912"},{"taxonomy":"post_tag","embeddable":true,"href":"https:\/\/ciudadtrujillo.com\/index.php?rest_route=%2Fwp%2Fv2%2Ftags&post=50912"}],"curies":[{"name":"wp","href":"https:\/\/api.w.org\/{rel}","templated":true}]}}