{"id":50902,"date":"2026-03-08T23:05:02","date_gmt":"2026-03-09T03:05:02","guid":{"rendered":"https:\/\/ciudadtrujillo.com\/?p=50902"},"modified":"2026-03-08T23:05:02","modified_gmt":"2026-03-09T03:05:02","slug":"poder-comunal-en-trujillo-reafirmo-protagonismo-en-proceso-electoral","status":"publish","type":"post","link":"https:\/\/ciudadtrujillo.com\/?p=50902","title":{"rendered":"Poder comunal en Trujillo reafirm\u00f3 protagonismo en proceso electoral"},"content":{"rendered":"<p>&nbsp;<\/p>\n<p>El poder comunal en el estado Trujillo dio ejemplo de su empoderamiento al ejercer su voto durante la Consulta Popular, en la que eligieron el proyecto que responde a sus necesidades.<\/p>\n<p>En este sentido, Yenny Dabo\u00edn, vocera en el municipio Pamp\u00e1n, indic\u00f3 que el pueblo particip\u00f3 de manera masiva, asegurando que \u00abhan sido muy constantes, los centros no han estado solos. Aqu\u00ed las comunidades trabajan para que los proyectos se realicen en el tiempo m\u00ednimo establecido\u00bb.<\/p>\n<p>Por su parte, el se\u00f1or Julio Godoy, en el municipio capital, mencion\u00f3 que siguiendo el impulso del Presidente Constitucional Nicol\u00e1s Maduro, se mantienen los lineamientos de seguir construyendo el gobierno comunal, siendo las Consultas Populares las pioneras en el empoderamiento de las personas.<\/p>\n<p>\u00abCon esta consulta demostramos que Venezuela es un pa\u00eds libre y democr\u00e1tico. Aqu\u00ed todos tenemos derecho a decidir lo que necesitamos para nuestras comunidades\u00bb, destac\u00f3 Flor Mendoza desde la comunidad de Carorita del municipio Valera.<\/p>\n<p>&nbsp;<\/p>\n<p><strong><em>Ciudad Trujillo<\/em><\/strong><\/p>\n","protected":false},"excerpt":{"rendered":"<p>&nbsp; El poder comunal en el estado Trujillo dio ejemplo de su empoderamiento al ejercer su voto durante la Consulta Popular, en la que eligieron el proyecto que responde a&hellip; <\/p>\n","protected":false},"author":7,"featured_media":50903,"comment_status":"closed","ping_status":"closed","sticky":false,"template":"","format":"standard","meta":{"footnotes":""},"categories":[52,40],"tags":[],"class_list":["post-50902","post","type-post","status-publish","format-standard","has-post-thumbnail","hentry","category-destacadas","category-grantrujillo"],"_links":{"self":[{"href":"https:\/\/ciudadtrujillo.com\/index.php?rest_route=\/wp\/v2\/posts\/50902","targetHints":{"allow":["GET"]}}],"collection":[{"href":"https:\/\/ciudadtrujillo.com\/index.php?rest_route=\/wp\/v2\/posts"}],"about":[{"href":"https:\/\/ciudadtrujillo.com\/index.php?rest_route=\/wp\/v2\/types\/post"}],"author":[{"embeddable":true,"href":"https:\/\/ciudadtrujillo.com\/index.php?rest_route=\/wp\/v2\/users\/7"}],"replies":[{"embeddable":true,"href":"https:\/\/ciudadtrujillo.com\/index.php?rest_route=%2Fwp%2Fv2%2Fcomments&post=50902"}],"version-history":[{"count":1,"href":"https:\/\/ciudadtrujillo.com\/index.php?rest_route=\/wp\/v2\/posts\/50902\/revisions"}],"predecessor-version":[{"id":50904,"href":"https:\/\/ciudadtrujillo.com\/index.php?rest_route=\/wp\/v2\/posts\/50902\/revisions\/50904"}],"wp:featuredmedia":[{"embeddable":true,"href":"https:\/\/ciudadtrujillo.com\/index.php?rest_route=\/wp\/v2\/media\/50903"}],"wp:attachment":[{"href":"https:\/\/ciudadtrujillo.com\/index.php?rest_route=%2Fwp%2Fv2%2Fmedia&parent=50902"}],"wp:term":[{"taxonomy":"category","embeddable":true,"href":"https:\/\/ciudadtrujillo.com\/index.php?rest_route=%2Fwp%2Fv2%2Fcategories&post=50902"},{"taxonomy":"post_tag","embeddable":true,"href":"https:\/\/ciudadtrujillo.com\/index.php?rest_route=%2Fwp%2Fv2%2Ftags&post=50902"}],"curies":[{"name":"wp","href":"https:\/\/api.w.org\/{rel}","templated":true}]}}