{"id":50899,"date":"2026-03-08T22:39:04","date_gmt":"2026-03-09T02:39:04","guid":{"rendered":"https:\/\/ciudadtrujillo.com\/?p=50899"},"modified":"2026-03-08T22:41:34","modified_gmt":"2026-03-09T02:41:34","slug":"presidente-maduro-envia-oracion-a-venezuela-para-fortalecer-la-fe-que-mueve-montanas","status":"publish","type":"post","link":"https:\/\/ciudadtrujillo.com\/?p=50899","title":{"rendered":"Presidente Maduro env\u00eda oraci\u00f3n a Venezuela para fortalecer la fe que mueve monta\u00f1as"},"content":{"rendered":"<div dir=\"auto\">\n<div dir=\"auto\">El Presidente constitucional de la Rep\u00fablica Bolivariana de Venezuela, Nicol\u00e1s Maduro Moros, envi\u00f3 desde Estados Unidos (EE. UU.) un mensaje de fe y oraci\u00f3n a todo el pa\u00eds.<\/div>\n<div dir=\"auto\"><\/div>\n<div dir=\"auto\">\u201cJes\u00fas nos ense\u00f1\u00f3: \u2018Si tienen fe y no dudan, hasta pueden decirle a esa monta\u00f1a: qu\u00edtate y arr\u00f3jate al mar, y as\u00ed ser\u00e1\u2019 (Mateo 21:21). Danos esa fe sincera y popular, para mover las monta\u00f1as de dificultades que a veces nos frenan, y convertirlas en camino libre para nuestra patria\u201d, escribi\u00f3 en una frase firmada con su caracter\u00edstico aut\u00f3grafo.<\/div>\n<div dir=\"auto\"><\/div>\n<div dir=\"auto\">Esta breve comunicaci\u00f3n, enviada desde de Nueva York, fue divulgada por su hijo, el diputado Nicol\u00e1s Maduro Guerra, en su cuenta de Instagram.<\/div>\n<div dir=\"auto\"><\/div>\n<div dir=\"auto\">\u201cOraci\u00f3n por la fe que mueve monta\u00f1as y la acci\u00f3n que construye lo nuevo, en Cristo y Bol\u00edvar\u201d, expuso el parlamentario venezolano.<\/div>\n<\/div>\n<div dir=\"auto\">\n<p>&nbsp;<\/p>\n<div dir=\"auto\"><\/div>\n<h6 dir=\"auto\"><em>VTV\u00a0<\/em><\/h6>\n<div dir=\"auto\"><\/div>\n<\/div>\n","protected":false},"excerpt":{"rendered":"<p>El Presidente constitucional de la Rep\u00fablica Bolivariana de Venezuela, Nicol\u00e1s Maduro Moros, envi\u00f3 desde Estados Unidos (EE. UU.) un mensaje de fe y oraci\u00f3n a todo el pa\u00eds. \u201cJes\u00fas nos&hellip; <\/p>\n","protected":false},"author":7,"featured_media":50323,"comment_status":"closed","ping_status":"closed","sticky":false,"template":"","format":"standard","meta":{"footnotes":""},"categories":[41],"tags":[],"class_list":["post-50899","post","type-post","status-publish","format-standard","has-post-thumbnail","hentry","category-pais"],"_links":{"self":[{"href":"https:\/\/ciudadtrujillo.com\/index.php?rest_route=\/wp\/v2\/posts\/50899","targetHints":{"allow":["GET"]}}],"collection":[{"href":"https:\/\/ciudadtrujillo.com\/index.php?rest_route=\/wp\/v2\/posts"}],"about":[{"href":"https:\/\/ciudadtrujillo.com\/index.php?rest_route=\/wp\/v2\/types\/post"}],"author":[{"embeddable":true,"href":"https:\/\/ciudadtrujillo.com\/index.php?rest_route=\/wp\/v2\/users\/7"}],"replies":[{"embeddable":true,"href":"https:\/\/ciudadtrujillo.com\/index.php?rest_route=%2Fwp%2Fv2%2Fcomments&post=50899"}],"version-history":[{"count":1,"href":"https:\/\/ciudadtrujillo.com\/index.php?rest_route=\/wp\/v2\/posts\/50899\/revisions"}],"predecessor-version":[{"id":50901,"href":"https:\/\/ciudadtrujillo.com\/index.php?rest_route=\/wp\/v2\/posts\/50899\/revisions\/50901"}],"wp:featuredmedia":[{"embeddable":true,"href":"https:\/\/ciudadtrujillo.com\/index.php?rest_route=\/wp\/v2\/media\/50323"}],"wp:attachment":[{"href":"https:\/\/ciudadtrujillo.com\/index.php?rest_route=%2Fwp%2Fv2%2Fmedia&parent=50899"}],"wp:term":[{"taxonomy":"category","embeddable":true,"href":"https:\/\/ciudadtrujillo.com\/index.php?rest_route=%2Fwp%2Fv2%2Fcategories&post=50899"},{"taxonomy":"post_tag","embeddable":true,"href":"https:\/\/ciudadtrujillo.com\/index.php?rest_route=%2Fwp%2Fv2%2Ftags&post=50899"}],"curies":[{"name":"wp","href":"https:\/\/api.w.org\/{rel}","templated":true}]}}