{"id":50896,"date":"2026-03-08T22:38:14","date_gmt":"2026-03-09T02:38:14","guid":{"rendered":"https:\/\/ciudadtrujillo.com\/?p=50896"},"modified":"2026-03-08T22:38:14","modified_gmt":"2026-03-09T02:38:14","slug":"ministro-para-las-comunas-resalto-el-extraordinario-resultado-de-la-consulta-popular","status":"publish","type":"post","link":"https:\/\/ciudadtrujillo.com\/?p=50896","title":{"rendered":"Ministro para las Comunas resalt\u00f3 el extraordinario resultado de la Consulta Popular"},"content":{"rendered":"<p>&nbsp;<\/p>\n<p>\u201cPodemos decir que tenemos un resultado extraordinario, una gran participaci\u00f3n\u201d, inform\u00f3 el ministro del Poder Popular para las Comunas y los Movimientos Sociales, \u00c1ngel Prado, durante un programa especial de Venezolana de Televisi\u00f3n (VTV), como parte del operativo especial por la jornada electoral.<\/p>\n<p>El ministro, acompa\u00f1ado con voceras de varias comunas de Caracas, refiri\u00f3 que este domingo, D\u00eda Internacional de la Mujer, precisamente millones de mujeres y tambi\u00e9n hombres de las comunidades y Comunas celebran esta primera consulta que manda un mensaje global.<\/p>\n<p>\u201cManda un mensaje al mundo, Venezuela est\u00e1 de pie, que Venezuela no se rinde a pesar de las circunstancias, a pesar de lo vivido este a\u00f1o despu\u00e9s del 3 de enero, nuestro pa\u00eds ha tenido una respuesta importante, es la gran movilizaci\u00f3n que hemos hecho dos meses despu\u00e9s de este terrible bombardeo que ocurri\u00f3 contra nuestro pa\u00eds\u201d, advirti\u00f3 Prado, con \u00e9nfasis y contundencia.<\/p>\n<p>Esta acci\u00f3n electoral venezolana, refuerza la seguridad que \u201cnadie nos va a robar la felicidad, nadie nos va a robar la esperanza, somos un pueblo amoroso, solidario, pueblo trabajador que va pa\u00b4lante y que tiene l\u00edderes y lideresas a la altura del momento hist\u00f3rico que estamos viendo\u201d.<\/p>\n<p>La Consulta Popular, reiter\u00f3, da buenos resultados a las comunidades, porque se optimizan los recursos. \u201cY es la primera consulta de este a\u00f1o 2026, vendr\u00e1n m\u00e1s, pero hemos iniciado el a\u00f1o, de verdad, hablando electoralmente, muy bien, con una gran movilizaci\u00f3n\u201d. Reconoci\u00f3 especialmente la alta participaci\u00f3n en el Zulia, as\u00ed como estados andinos, centrales, orientales y del centro.<\/p>\n<p>Reconoci\u00f3 la labor de la Presidenta encargada Delcy Rodr\u00edguez, quien lidera este proceso de consulta popular nacional para reivindicar, visibilizar la importancia de participaci\u00f3n de la mujer venezolana y del pueblo en general en todo el proceso de construcci\u00f3n democr\u00e1tica, participativa y protag\u00f3nica.<\/p>\n<p>Record\u00f3 que el Presidente Constitucional Nicol\u00e1s Maduro Moros, a partir de la victoria del a\u00f1o 2024 en su tercer periodo de gobierno de la Revoluci\u00f3n, ide\u00f3 este m\u00e9todo de trabajar para ejecutar buena parte del presupuesto de la naci\u00f3n con el Poder Popular.<\/p>\n<p>Patentiz\u00f3 la alta motivaci\u00f3n presente en las comunidades, tanto urbanas como rurales, porque la consulta s\u00ed ofrece resultados a las necesidades planteadas. Ejemplariz\u00f3 este hecho, con lo realizado en los a\u00f1os 2024, 2025, cuando el presidente Maduro asegur\u00f3 y entreg\u00f3 los recursos a las comunidades.<\/p>\n<p>\u201cY nuestra gente, pues, de manera muy honesta, administr\u00f3 esos recursos, realiz\u00f3 la contralor\u00eda social, se rindi\u00f3 cuenta, se ha cuidado sobre todo la solvencia moral de la dirigencia de base, que en su gran mayor\u00eda son mujeres casi al 80% de los consejos comunales y comunas est\u00e1n liderados por mujeres\u201d.<\/p>\n<p>Finalmente, reconoci\u00f3 el esfuerzo y la campa\u00f1a realizada por las voceras y voceros comunales de Venezuela y asever\u00f3 que continuar\u00e1 el apoyo y el respaldo institucional.<\/p>\n<p>\u201cAcompa\u00f1\u00e1ndoles, ayudarles, contribuir con su lucha para que siga la transformaci\u00f3n en nuestras comunidades\u201d.<\/p>\n<p>&nbsp;<\/p>\n<p>&nbsp;<\/p>\n<p><strong><em>VTV<\/em><\/strong><\/p>\n","protected":false},"excerpt":{"rendered":"<p>&nbsp; \u201cPodemos decir que tenemos un resultado extraordinario, una gran participaci\u00f3n\u201d, inform\u00f3 el ministro del Poder Popular para las Comunas y los Movimientos Sociales, \u00c1ngel Prado, durante un programa especial&hellip; <\/p>\n","protected":false},"author":7,"featured_media":50897,"comment_status":"closed","ping_status":"closed","sticky":false,"template":"","format":"standard","meta":{"footnotes":""},"categories":[41],"tags":[],"class_list":["post-50896","post","type-post","status-publish","format-standard","has-post-thumbnail","hentry","category-pais"],"_links":{"self":[{"href":"https:\/\/ciudadtrujillo.com\/index.php?rest_route=\/wp\/v2\/posts\/50896","targetHints":{"allow":["GET"]}}],"collection":[{"href":"https:\/\/ciudadtrujillo.com\/index.php?rest_route=\/wp\/v2\/posts"}],"about":[{"href":"https:\/\/ciudadtrujillo.com\/index.php?rest_route=\/wp\/v2\/types\/post"}],"author":[{"embeddable":true,"href":"https:\/\/ciudadtrujillo.com\/index.php?rest_route=\/wp\/v2\/users\/7"}],"replies":[{"embeddable":true,"href":"https:\/\/ciudadtrujillo.com\/index.php?rest_route=%2Fwp%2Fv2%2Fcomments&post=50896"}],"version-history":[{"count":1,"href":"https:\/\/ciudadtrujillo.com\/index.php?rest_route=\/wp\/v2\/posts\/50896\/revisions"}],"predecessor-version":[{"id":50898,"href":"https:\/\/ciudadtrujillo.com\/index.php?rest_route=\/wp\/v2\/posts\/50896\/revisions\/50898"}],"wp:featuredmedia":[{"embeddable":true,"href":"https:\/\/ciudadtrujillo.com\/index.php?rest_route=\/wp\/v2\/media\/50897"}],"wp:attachment":[{"href":"https:\/\/ciudadtrujillo.com\/index.php?rest_route=%2Fwp%2Fv2%2Fmedia&parent=50896"}],"wp:term":[{"taxonomy":"category","embeddable":true,"href":"https:\/\/ciudadtrujillo.com\/index.php?rest_route=%2Fwp%2Fv2%2Fcategories&post=50896"},{"taxonomy":"post_tag","embeddable":true,"href":"https:\/\/ciudadtrujillo.com\/index.php?rest_route=%2Fwp%2Fv2%2Ftags&post=50896"}],"curies":[{"name":"wp","href":"https:\/\/api.w.org\/{rel}","templated":true}]}}