{"id":50893,"date":"2026-03-08T22:28:26","date_gmt":"2026-03-09T02:28:26","guid":{"rendered":"https:\/\/ciudadtrujillo.com\/?p=50893"},"modified":"2026-03-08T22:28:26","modified_gmt":"2026-03-09T02:28:26","slug":"presidenta-encargada-califico-como-historica-la-participacion-en-consulta-popular-nacional","status":"publish","type":"post","link":"https:\/\/ciudadtrujillo.com\/?p=50893","title":{"rendered":"Presidenta encargada calific\u00f3 como hist\u00f3rica la participaci\u00f3n en Consulta Popular Nacional"},"content":{"rendered":"<div dir=\"auto\"><\/div>\n<div dir=\"auto\">En una jornada marcada por la celebraci\u00f3n del D\u00eda Internacional de la Mujer, la Presidenta encargada de la Rep\u00fablica Bolivariana de Venezuela , Delcy Rodr\u00edguez G\u00f3mez, celebr\u00f3 el \u00e9xito de la primera Consulta Popular Nacional de 2026.<\/div>\n<div dir=\"auto\"><\/div>\n<div dir=\"auto\">A trav\u00e9s de un contacto telef\u00f3nico transmitido por Venezolana de Televisi\u00f3n (VTV), la mandataria encargada destac\u00f3 que el proceso electoral ha roto el r\u00e9cord de participaci\u00f3n.<\/div>\n<div dir=\"auto\"><\/div>\n<div dir=\"auto\">\u201cHemos tenido una participaci\u00f3n hist\u00f3rica en la primera Consulta Popular de 2026, donde los venezolanos y las venezolanas fueron a seleccionar los proyectos de su preferencia por la Ciudad Humana y por la Econom\u00eda Productiva\u201d, afirm\u00f3.<\/div>\n<div dir=\"auto\"><\/div>\n<div dir=\"auto\">Durante su mensaje, extendi\u00f3 un reconocimiento especial al pueblo venezolano, as\u00ed como a las comunas y circuitos comunales por su despliegue y compromiso en esta jornada.<\/div>\n<div dir=\"auto\"><\/div>\n<div dir=\"auto\">La jefa de Estado encargada, tambi\u00e9n valor\u00f3 el esfuerzo log\u00edstico detr\u00e1s de la jornada, al felicitar al Consejo Nacional Electoral (CNE) por la efectiva ampliaci\u00f3n de los centros y la infraestructura de votaci\u00f3n. Asimismo, agradeci\u00f3 la atenci\u00f3n del Plan Rep\u00fablica.<\/div>\n<div dir=\"auto\"><\/div>\n<div dir=\"auto\">Para Rodr\u00edguez G\u00f3mez, el \u00e9xito de la consulta es un reflejo de la identidad nacional actual y de la capacidad de autogesti\u00f3n de los sectores populares.<\/div>\n<div dir=\"auto\"><\/div>\n<div dir=\"auto\">\u201cCreo profundamente en esta Venezuela, es una Venezuela que se encuentra en la comunidad, es una Venezuela que desde lo colectivo construye para su bienestar\u201d, resalt\u00f3 con convicci\u00f3n.<\/div>\n<div dir=\"auto\"><\/div>\n<div dir=\"auto\">Al cierre de su intervenci\u00f3n, hizo un llamado a mantener la cohesi\u00f3n y el protagonismo pol\u00edtico en las decisiones del Estado. \u201c\u00a1Arriba Venezuela! Sigamos participando por la vida pol\u00edtica y nacional en uni\u00f3n: ese es el camino de nuestra patria\u201d.<\/div>\n<div dir=\"auto\"><\/div>\n<div dir=\"auto\"><strong><em>VTV\u00a0<\/em><\/strong><\/div>\n","protected":false},"excerpt":{"rendered":"<p>En una jornada marcada por la celebraci\u00f3n del D\u00eda Internacional de la Mujer, la Presidenta encargada de la Rep\u00fablica Bolivariana de Venezuela , Delcy Rodr\u00edguez G\u00f3mez, celebr\u00f3 el \u00e9xito de&hellip; <\/p>\n","protected":false},"author":7,"featured_media":50894,"comment_status":"closed","ping_status":"closed","sticky":false,"template":"","format":"standard","meta":{"footnotes":""},"categories":[52,41],"tags":[],"class_list":["post-50893","post","type-post","status-publish","format-standard","has-post-thumbnail","hentry","category-destacadas","category-pais"],"_links":{"self":[{"href":"https:\/\/ciudadtrujillo.com\/index.php?rest_route=\/wp\/v2\/posts\/50893","targetHints":{"allow":["GET"]}}],"collection":[{"href":"https:\/\/ciudadtrujillo.com\/index.php?rest_route=\/wp\/v2\/posts"}],"about":[{"href":"https:\/\/ciudadtrujillo.com\/index.php?rest_route=\/wp\/v2\/types\/post"}],"author":[{"embeddable":true,"href":"https:\/\/ciudadtrujillo.com\/index.php?rest_route=\/wp\/v2\/users\/7"}],"replies":[{"embeddable":true,"href":"https:\/\/ciudadtrujillo.com\/index.php?rest_route=%2Fwp%2Fv2%2Fcomments&post=50893"}],"version-history":[{"count":1,"href":"https:\/\/ciudadtrujillo.com\/index.php?rest_route=\/wp\/v2\/posts\/50893\/revisions"}],"predecessor-version":[{"id":50895,"href":"https:\/\/ciudadtrujillo.com\/index.php?rest_route=\/wp\/v2\/posts\/50893\/revisions\/50895"}],"wp:featuredmedia":[{"embeddable":true,"href":"https:\/\/ciudadtrujillo.com\/index.php?rest_route=\/wp\/v2\/media\/50894"}],"wp:attachment":[{"href":"https:\/\/ciudadtrujillo.com\/index.php?rest_route=%2Fwp%2Fv2%2Fmedia&parent=50893"}],"wp:term":[{"taxonomy":"category","embeddable":true,"href":"https:\/\/ciudadtrujillo.com\/index.php?rest_route=%2Fwp%2Fv2%2Fcategories&post=50893"},{"taxonomy":"post_tag","embeddable":true,"href":"https:\/\/ciudadtrujillo.com\/index.php?rest_route=%2Fwp%2Fv2%2Ftags&post=50893"}],"curies":[{"name":"wp","href":"https:\/\/api.w.org\/{rel}","templated":true}]}}