{"id":50870,"date":"2026-03-05T21:44:23","date_gmt":"2026-03-06T01:44:23","guid":{"rendered":"https:\/\/ciudadtrujillo.com\/?p=50870"},"modified":"2026-03-05T21:44:23","modified_gmt":"2026-03-06T01:44:23","slug":"en-carache-rinden-homenaje-a-los-campesinos-en-su-dia","status":"publish","type":"post","link":"https:\/\/ciudadtrujillo.com\/?p=50870","title":{"rendered":"En Carache rinden homenaje a los campesinos en su d\u00eda"},"content":{"rendered":"<p style=\"text-align: justify;\">Como parte de la celebraci\u00f3n por el D\u00eda del Campesino, en el municipio Carache se desarrollaron diversas actividades para dignificar el arduo trabajo en el campo. Durante la programaci\u00f3n se cont\u00f3 con la presencia del alcalde de la jurisdicci\u00f3n, Carlos Iglesias y otras autoridades locales.<\/p>\n<p style=\"text-align: justify;\">En este sentido, el mandatario municipal destac\u00f3 que se honra a los hombres y las mujeres que labran la tierra, quienes son los pilares de la soberan\u00eda alimentaria del pa\u00eds. Indic\u00f3 que \u00abcon mucho orgullo y amor se realizan estos actos (&#8230;) para rendir tributo a nuestra gente\u00bb.<\/p>\n<p style=\"text-align: justify;\">Por su parte, Alirio Montilla, habitante de la localidad, afirm\u00f3 que es un motivo de satisfacci\u00f3n y orgullo participar en esta celebraci\u00f3n, destacando que \u00absin los campesinos no existir\u00eda el gran desarrollo de la seguridad alimentaria\u00bb.<\/p>\n<p style=\"text-align: justify;\">Cabe resaltar que entre las actividades realizadas fue celebrada una misa en Acci\u00f3n de Gracias presidida por Monse\u00f1or Ram\u00f3n Aponte, seguido de la ofrenda floral en la plaza Bol\u00edvar de Carache y una Sesi\u00f3n Especial.<\/p>\n<p style=\"text-align: justify;\">Asimismo, se llev\u00f3 a cabo una Expo Feria del Campo en la que se vendieron hortalizas, verduras, l\u00e1cteos y otros productos agropecuarios. Posteriormente, se hizo una exposici\u00f3n de agroqu\u00edmicos y agrorg\u00e1nicos, junto a una exhibici\u00f3n de yuntas, de bueyes, tractores y mucho m\u00e1s.<\/p>\n<p style=\"text-align: justify;\">En horas de la tarde, el Complejo Ferial de Carache fue el escenario del festival de m\u00fasica campesina y criolla, complementado con toros coleados y juegos tradicionales como pelota criolla, bolo y pelea de gallos.<\/p>\n<p>&nbsp;<\/p>\n<p>&nbsp;<\/p>\n<h6>Ciudad Trujillo<br \/>\nGr\u00e1ficas: DGPG<\/h6>\n<p style=\"text-align: justify;\">\n","protected":false},"excerpt":{"rendered":"<p>Como parte de la celebraci\u00f3n por el D\u00eda del Campesino, en el municipio Carache se desarrollaron diversas actividades para dignificar el arduo trabajo en el campo. Durante la programaci\u00f3n se&hellip; <\/p>\n","protected":false},"author":7,"featured_media":50871,"comment_status":"closed","ping_status":"closed","sticky":false,"template":"","format":"standard","meta":{"footnotes":""},"categories":[40],"tags":[],"class_list":["post-50870","post","type-post","status-publish","format-standard","has-post-thumbnail","hentry","category-grantrujillo"],"_links":{"self":[{"href":"https:\/\/ciudadtrujillo.com\/index.php?rest_route=\/wp\/v2\/posts\/50870","targetHints":{"allow":["GET"]}}],"collection":[{"href":"https:\/\/ciudadtrujillo.com\/index.php?rest_route=\/wp\/v2\/posts"}],"about":[{"href":"https:\/\/ciudadtrujillo.com\/index.php?rest_route=\/wp\/v2\/types\/post"}],"author":[{"embeddable":true,"href":"https:\/\/ciudadtrujillo.com\/index.php?rest_route=\/wp\/v2\/users\/7"}],"replies":[{"embeddable":true,"href":"https:\/\/ciudadtrujillo.com\/index.php?rest_route=%2Fwp%2Fv2%2Fcomments&post=50870"}],"version-history":[{"count":1,"href":"https:\/\/ciudadtrujillo.com\/index.php?rest_route=\/wp\/v2\/posts\/50870\/revisions"}],"predecessor-version":[{"id":50872,"href":"https:\/\/ciudadtrujillo.com\/index.php?rest_route=\/wp\/v2\/posts\/50870\/revisions\/50872"}],"wp:featuredmedia":[{"embeddable":true,"href":"https:\/\/ciudadtrujillo.com\/index.php?rest_route=\/wp\/v2\/media\/50871"}],"wp:attachment":[{"href":"https:\/\/ciudadtrujillo.com\/index.php?rest_route=%2Fwp%2Fv2%2Fmedia&parent=50870"}],"wp:term":[{"taxonomy":"category","embeddable":true,"href":"https:\/\/ciudadtrujillo.com\/index.php?rest_route=%2Fwp%2Fv2%2Fcategories&post=50870"},{"taxonomy":"post_tag","embeddable":true,"href":"https:\/\/ciudadtrujillo.com\/index.php?rest_route=%2Fwp%2Fv2%2Ftags&post=50870"}],"curies":[{"name":"wp","href":"https:\/\/api.w.org\/{rel}","templated":true}]}}