{"id":50862,"date":"2026-03-05T21:38:01","date_gmt":"2026-03-06T01:38:01","guid":{"rendered":"https:\/\/ciudadtrujillo.com\/?p=50862"},"modified":"2026-03-05T21:38:01","modified_gmt":"2026-03-06T01:38:01","slug":"vicepresidente-para-el-socialismo-social-asegura-que-consulta-popular-fortalece-la-democracia-comunal","status":"publish","type":"post","link":"https:\/\/ciudadtrujillo.com\/?p=50862","title":{"rendered":"Vicepresidente para el Socialismo Social asegura que Consulta Popular fortalece la democracia comunal"},"content":{"rendered":"<p style=\"text-align: justify;\">La Consulta Popular Nacional del 8 de marzo es una nueva oportunidad para resolver, de manera program\u00e1tica y directa, las necesidades de las Comunas y los Circuitos Comunales. En esta oportunidad el enfoque es hacia las Transformaciones 1 y 2 (Econom\u00eda Productiva y Ciudades Humanas) del Plan de las 7T, as\u00ed lo ratific\u00f3 el vicepresidente sectorial para el Socialismo Social y Territorial, H\u00e9ctor Rodr\u00edguez, desde la Comuna Soberana del Poder Popular, en La Dolorita, municipio Sucre del estado Miranda, donde adem\u00e1s invit\u00f3 a toda la poblaci\u00f3n venezolana a participar en la primera consulta de 2026.<\/p>\n<p style=\"text-align: justify;\">Durante un encuentro con los voceros comunales, el vicepresidente para el Socialismo Social y Territorial, recomend\u00f3 priorizar los casos de cada comunidad y ejecutar por etapas las obras m\u00e1s grandes. Asimismo, reiter\u00f3 que es fundamental evaluar los casos de manera global e individual, para satisfacer, en primer lugar, las necesidades de los m\u00e1s vulnerables.<\/p>\n<p style=\"text-align: justify;\">Explic\u00f3 que hay que definir qu\u00e9 se va a arreglar de una escuela, o de una vivienda, o de un centro de salud. \u201cNo le tengan miedo a los proyectos grandes, lo que hay es que fraccionar\u201d, asever\u00f3.<\/p>\n<p style=\"text-align: justify;\">Para Rodr\u00edguez, cada consulta que se realiza en Venezuela es un paso hacia el fortalecimiento del Gobierno Comunal, tal como lo instruy\u00f3 el presidente Nicol\u00e1s Maduro y la mandataria encargada Delcy Rodr\u00edguez.<\/p>\n<p style=\"text-align: justify;\">Por su parte, la vocera comunal Greylis Mart\u00ednez detall\u00f3 que la participaci\u00f3n de toda la comunidad en las diversas consultas se ubica en 85,6 %. En esta consulta esperan aumentar esta cifra. \u201cInvitamos a toda la poblaci\u00f3n, afecta o no al gobierno, a participar en estas elecciones. La participaci\u00f3n de todos es importante para la calidad de vida de todas las familias\u201d, puntualiz\u00f3.<\/p>\n<p style=\"text-align: justify;\">La Comuna Soberana del Poder Popular est\u00e1 conformada por 3.692 familias, lo que equivale a 8.456 personas. El padr\u00f3n electoral de esta comuna es de 6.789 votantes.<\/p>\n<p style=\"text-align: justify;\">\n<p style=\"text-align: justify;\">\n<p>&nbsp;<\/p>\n<h6>VTV<\/h6>\n","protected":false},"excerpt":{"rendered":"<p>La Consulta Popular Nacional del 8 de marzo es una nueva oportunidad para resolver, de manera program\u00e1tica y directa, las necesidades de las Comunas y los Circuitos Comunales. En esta&hellip; <\/p>\n","protected":false},"author":7,"featured_media":50863,"comment_status":"closed","ping_status":"closed","sticky":false,"template":"","format":"standard","meta":{"footnotes":""},"categories":[41],"tags":[],"class_list":["post-50862","post","type-post","status-publish","format-standard","has-post-thumbnail","hentry","category-pais"],"_links":{"self":[{"href":"https:\/\/ciudadtrujillo.com\/index.php?rest_route=\/wp\/v2\/posts\/50862","targetHints":{"allow":["GET"]}}],"collection":[{"href":"https:\/\/ciudadtrujillo.com\/index.php?rest_route=\/wp\/v2\/posts"}],"about":[{"href":"https:\/\/ciudadtrujillo.com\/index.php?rest_route=\/wp\/v2\/types\/post"}],"author":[{"embeddable":true,"href":"https:\/\/ciudadtrujillo.com\/index.php?rest_route=\/wp\/v2\/users\/7"}],"replies":[{"embeddable":true,"href":"https:\/\/ciudadtrujillo.com\/index.php?rest_route=%2Fwp%2Fv2%2Fcomments&post=50862"}],"version-history":[{"count":1,"href":"https:\/\/ciudadtrujillo.com\/index.php?rest_route=\/wp\/v2\/posts\/50862\/revisions"}],"predecessor-version":[{"id":50864,"href":"https:\/\/ciudadtrujillo.com\/index.php?rest_route=\/wp\/v2\/posts\/50862\/revisions\/50864"}],"wp:featuredmedia":[{"embeddable":true,"href":"https:\/\/ciudadtrujillo.com\/index.php?rest_route=\/wp\/v2\/media\/50863"}],"wp:attachment":[{"href":"https:\/\/ciudadtrujillo.com\/index.php?rest_route=%2Fwp%2Fv2%2Fmedia&parent=50862"}],"wp:term":[{"taxonomy":"category","embeddable":true,"href":"https:\/\/ciudadtrujillo.com\/index.php?rest_route=%2Fwp%2Fv2%2Fcategories&post=50862"},{"taxonomy":"post_tag","embeddable":true,"href":"https:\/\/ciudadtrujillo.com\/index.php?rest_route=%2Fwp%2Fv2%2Ftags&post=50862"}],"curies":[{"name":"wp","href":"https:\/\/api.w.org\/{rel}","templated":true}]}}