{"id":50835,"date":"2026-03-04T22:17:18","date_gmt":"2026-03-05T02:17:18","guid":{"rendered":"https:\/\/ciudadtrujillo.com\/?p=50835"},"modified":"2026-03-04T22:17:48","modified_gmt":"2026-03-05T02:17:48","slug":"recuperan-cancha-techada-en-sector-el-tablon-del-municipio-pampan","status":"publish","type":"post","link":"https:\/\/ciudadtrujillo.com\/?p=50835","title":{"rendered":"Recuperan cancha techada en sector El Tabl\u00f3n del municipio Pamp\u00e1n\u00a0"},"content":{"rendered":"<div><\/div>\n<div dir=\"auto\"><\/div>\n<div dir=\"auto\">La Alcald\u00eda del municipio Pamp\u00e1n recuper\u00f3 y reinaugur\u00f3 la Cancha Techada del sector El Tabl\u00f3n en la parroquia La Paz, con el prop\u00f3sito de garantizar espacios para el sano esparcimiento y actividades deportivas.<\/div>\n<div dir=\"auto\"><\/div>\n<div dir=\"auto\">Entre los trabajos ejecutados destaca la pintura en general, colocaci\u00f3n de malla en las \u00e1reas de voleibol, f\u00fatbol sala y b\u00e1squetbol, as\u00ed como demarcaci\u00f3n del piso e instalaci\u00f3n de 20 reflectores totalmente nuevos.<\/div>\n<div dir=\"auto\"><\/div>\n<div dir=\"auto\">Adem\u00e1s, para la puesta en funcionamiento de la misma fue entregado material deportivo.<\/div>\n<div dir=\"auto\"><\/div>\n<div dir=\"auto\">El alcalde Manuel Pe\u00f1a, indic\u00f3 que estos espacios ya estaban siendo recuperados a trav\u00e9s del proyecto de la pasada consulta popular por el \u00e1rea de la juventud y que gracias al apoyo del gobierno nacional, regional y municipal, se logr\u00f3 completar su rehabilitaci\u00f3n, consider\u00e1ndose una obra de calidad para los ni\u00f1os, j\u00f3venes y comunidad de esta localidad.<\/div>\n<div dir=\"auto\"><\/div>\n<div dir=\"auto\">\n<div>\n<div dir=\"auto\"><\/div>\n<div dir=\"auto\"><\/div>\n<\/div>\n<div dir=\"auto\"><\/div>\n<div dir=\"auto\"><strong><em>Prensa Alcald\u00eda de Pamp\u00e1n\u00a0<\/em><\/strong><\/div>\n<\/div>\n","protected":false},"excerpt":{"rendered":"<p>La Alcald\u00eda del municipio Pamp\u00e1n recuper\u00f3 y reinaugur\u00f3 la Cancha Techada del sector El Tabl\u00f3n en la parroquia La Paz, con el prop\u00f3sito de garantizar espacios para el sano esparcimiento&hellip; <\/p>\n","protected":false},"author":7,"featured_media":50836,"comment_status":"closed","ping_status":"closed","sticky":false,"template":"","format":"standard","meta":{"footnotes":""},"categories":[40],"tags":[],"class_list":["post-50835","post","type-post","status-publish","format-standard","has-post-thumbnail","hentry","category-grantrujillo"],"_links":{"self":[{"href":"https:\/\/ciudadtrujillo.com\/index.php?rest_route=\/wp\/v2\/posts\/50835","targetHints":{"allow":["GET"]}}],"collection":[{"href":"https:\/\/ciudadtrujillo.com\/index.php?rest_route=\/wp\/v2\/posts"}],"about":[{"href":"https:\/\/ciudadtrujillo.com\/index.php?rest_route=\/wp\/v2\/types\/post"}],"author":[{"embeddable":true,"href":"https:\/\/ciudadtrujillo.com\/index.php?rest_route=\/wp\/v2\/users\/7"}],"replies":[{"embeddable":true,"href":"https:\/\/ciudadtrujillo.com\/index.php?rest_route=%2Fwp%2Fv2%2Fcomments&post=50835"}],"version-history":[{"count":2,"href":"https:\/\/ciudadtrujillo.com\/index.php?rest_route=\/wp\/v2\/posts\/50835\/revisions"}],"predecessor-version":[{"id":50838,"href":"https:\/\/ciudadtrujillo.com\/index.php?rest_route=\/wp\/v2\/posts\/50835\/revisions\/50838"}],"wp:featuredmedia":[{"embeddable":true,"href":"https:\/\/ciudadtrujillo.com\/index.php?rest_route=\/wp\/v2\/media\/50836"}],"wp:attachment":[{"href":"https:\/\/ciudadtrujillo.com\/index.php?rest_route=%2Fwp%2Fv2%2Fmedia&parent=50835"}],"wp:term":[{"taxonomy":"category","embeddable":true,"href":"https:\/\/ciudadtrujillo.com\/index.php?rest_route=%2Fwp%2Fv2%2Fcategories&post=50835"},{"taxonomy":"post_tag","embeddable":true,"href":"https:\/\/ciudadtrujillo.com\/index.php?rest_route=%2Fwp%2Fv2%2Ftags&post=50835"}],"curies":[{"name":"wp","href":"https:\/\/api.w.org\/{rel}","templated":true}]}}