{"id":50832,"date":"2026-03-04T22:12:48","date_gmt":"2026-03-05T02:12:48","guid":{"rendered":"https:\/\/ciudadtrujillo.com\/?p=50832"},"modified":"2026-03-05T07:59:22","modified_gmt":"2026-03-05T11:59:22","slug":"a-13-anos-de-su-siembra-chavez-es-legado-vivo-en-el-corazon-del-pueblo","status":"publish","type":"post","link":"https:\/\/ciudadtrujillo.com\/?p=50832","title":{"rendered":"A 13 a\u00f1os de su siembra Ch\u00e1vez es legado vivo en el coraz\u00f3n del pueblo"},"content":{"rendered":"<div dir=\"auto\"><\/div>\n<div dir=\"auto\"><\/div>\n<div dir=\"auto\">A 13 a\u00f1os de la siembra del Comandante Hugo Ch\u00e1vez, el pueblo venezolano y especialmente los trujillanos mantienen la convicci\u00f3n de que el l\u00edder eterno se multiplic\u00f3 en los corazones de millones, es legado vivo as\u00ed como referencia de lucha, unidad y victoria.<\/div>\n<div dir=\"auto\"><\/div>\n<div dir=\"auto\">Su salto a la inmortalidad reafirm\u00f3 tanto el amor como la lealtad de su pueblo, es una llamarada que arde en el alma de quienes contin\u00faan\u00a0con el proyecto bolivariano.<\/div>\n<div dir=\"auto\"><\/div>\n<div dir=\"auto\">Los trujillanos sostienen que el gigante se hizo pueblo. Sigue siendo inspiraci\u00f3n de valent\u00eda y fortaleza para defender la independencia y soberan\u00eda de la Patria.<\/div>\n<div dir=\"auto\"><\/div>\n<div dir=\"auto\">\n<div dir=\"auto\"><\/div>\n<div dir=\"auto\"><\/div>\n<div dir=\"auto\"><strong><em>Ciudad Trujillo\u00a0<\/em><\/strong><\/div>\n<\/div>\n","protected":false},"excerpt":{"rendered":"<p>A 13 a\u00f1os de la siembra del Comandante Hugo Ch\u00e1vez, el pueblo venezolano y especialmente los trujillanos mantienen la convicci\u00f3n de que el l\u00edder eterno se multiplic\u00f3 en los corazones&hellip; <\/p>\n","protected":false},"author":7,"featured_media":50833,"comment_status":"closed","ping_status":"closed","sticky":false,"template":"","format":"standard","meta":{"footnotes":""},"categories":[52,41],"tags":[],"class_list":["post-50832","post","type-post","status-publish","format-standard","has-post-thumbnail","hentry","category-destacadas","category-pais"],"_links":{"self":[{"href":"https:\/\/ciudadtrujillo.com\/index.php?rest_route=\/wp\/v2\/posts\/50832","targetHints":{"allow":["GET"]}}],"collection":[{"href":"https:\/\/ciudadtrujillo.com\/index.php?rest_route=\/wp\/v2\/posts"}],"about":[{"href":"https:\/\/ciudadtrujillo.com\/index.php?rest_route=\/wp\/v2\/types\/post"}],"author":[{"embeddable":true,"href":"https:\/\/ciudadtrujillo.com\/index.php?rest_route=\/wp\/v2\/users\/7"}],"replies":[{"embeddable":true,"href":"https:\/\/ciudadtrujillo.com\/index.php?rest_route=%2Fwp%2Fv2%2Fcomments&post=50832"}],"version-history":[{"count":1,"href":"https:\/\/ciudadtrujillo.com\/index.php?rest_route=\/wp\/v2\/posts\/50832\/revisions"}],"predecessor-version":[{"id":50834,"href":"https:\/\/ciudadtrujillo.com\/index.php?rest_route=\/wp\/v2\/posts\/50832\/revisions\/50834"}],"wp:featuredmedia":[{"embeddable":true,"href":"https:\/\/ciudadtrujillo.com\/index.php?rest_route=\/wp\/v2\/media\/50833"}],"wp:attachment":[{"href":"https:\/\/ciudadtrujillo.com\/index.php?rest_route=%2Fwp%2Fv2%2Fmedia&parent=50832"}],"wp:term":[{"taxonomy":"category","embeddable":true,"href":"https:\/\/ciudadtrujillo.com\/index.php?rest_route=%2Fwp%2Fv2%2Fcategories&post=50832"},{"taxonomy":"post_tag","embeddable":true,"href":"https:\/\/ciudadtrujillo.com\/index.php?rest_route=%2Fwp%2Fv2%2Ftags&post=50832"}],"curies":[{"name":"wp","href":"https:\/\/api.w.org\/{rel}","templated":true}]}}