{"id":50816,"date":"2026-03-03T19:32:20","date_gmt":"2026-03-03T23:32:20","guid":{"rendered":"https:\/\/ciudadtrujillo.com\/?p=50816"},"modified":"2026-03-03T19:32:22","modified_gmt":"2026-03-03T23:32:22","slug":"karateca-trujillana-logra-medalla-de-oro-en-iv-copa-internacional-francisco-de-miranda","status":"publish","type":"post","link":"https:\/\/ciudadtrujillo.com\/?p=50816","title":{"rendered":"Karateca trujillana logra medalla de oro en IV Copa Internacional Francisco de Miranda"},"content":{"rendered":"<p style=\"text-align: justify;\">La atleta trujillana de la disciplina de K\u00e1rate Do, Ana Sof\u00eda V\u00e1squez, contin\u00faa dejando en alto el nombre del estado y del pa\u00eds tras obtener su segunda medalla de oro en la IV Copa Internacional Francisco de Miranda, esta vez en la categor\u00eda Sub-21 femenino -50 kg, demostrando nuevamente su gran nivel competitivo en el evento.<\/p>\n<p style=\"text-align: justify;\">Cabe resaltar que, el pasado martes 24 de febrero, la karateca ya hab\u00eda alcanzado el primer lugar del podio al conquistar la medalla de oro en la categor\u00eda senior femenino -50 kg, sumando as\u00ed dos preseas doradas en la competencia.<\/p>\n<p>&nbsp;<\/p>\n<p>&nbsp;<\/p>\n<h6>Prensa Indet<\/h6>\n","protected":false},"excerpt":{"rendered":"<p>La atleta trujillana de la disciplina de K\u00e1rate Do, Ana Sof\u00eda V\u00e1squez, contin\u00faa dejando en alto el nombre del estado y del pa\u00eds tras obtener su segunda medalla de oro&hellip; <\/p>\n","protected":false},"author":7,"featured_media":50817,"comment_status":"closed","ping_status":"closed","sticky":false,"template":"","format":"standard","meta":{"footnotes":""},"categories":[40],"tags":[],"class_list":["post-50816","post","type-post","status-publish","format-standard","has-post-thumbnail","hentry","category-grantrujillo"],"_links":{"self":[{"href":"https:\/\/ciudadtrujillo.com\/index.php?rest_route=\/wp\/v2\/posts\/50816","targetHints":{"allow":["GET"]}}],"collection":[{"href":"https:\/\/ciudadtrujillo.com\/index.php?rest_route=\/wp\/v2\/posts"}],"about":[{"href":"https:\/\/ciudadtrujillo.com\/index.php?rest_route=\/wp\/v2\/types\/post"}],"author":[{"embeddable":true,"href":"https:\/\/ciudadtrujillo.com\/index.php?rest_route=\/wp\/v2\/users\/7"}],"replies":[{"embeddable":true,"href":"https:\/\/ciudadtrujillo.com\/index.php?rest_route=%2Fwp%2Fv2%2Fcomments&post=50816"}],"version-history":[{"count":1,"href":"https:\/\/ciudadtrujillo.com\/index.php?rest_route=\/wp\/v2\/posts\/50816\/revisions"}],"predecessor-version":[{"id":50818,"href":"https:\/\/ciudadtrujillo.com\/index.php?rest_route=\/wp\/v2\/posts\/50816\/revisions\/50818"}],"wp:featuredmedia":[{"embeddable":true,"href":"https:\/\/ciudadtrujillo.com\/index.php?rest_route=\/wp\/v2\/media\/50817"}],"wp:attachment":[{"href":"https:\/\/ciudadtrujillo.com\/index.php?rest_route=%2Fwp%2Fv2%2Fmedia&parent=50816"}],"wp:term":[{"taxonomy":"category","embeddable":true,"href":"https:\/\/ciudadtrujillo.com\/index.php?rest_route=%2Fwp%2Fv2%2Fcategories&post=50816"},{"taxonomy":"post_tag","embeddable":true,"href":"https:\/\/ciudadtrujillo.com\/index.php?rest_route=%2Fwp%2Fv2%2Ftags&post=50816"}],"curies":[{"name":"wp","href":"https:\/\/api.w.org\/{rel}","templated":true}]}}