{"id":50813,"date":"2026-03-03T19:26:57","date_gmt":"2026-03-03T23:26:57","guid":{"rendered":"https:\/\/ciudadtrujillo.com\/?p=50813"},"modified":"2026-03-03T19:26:57","modified_gmt":"2026-03-03T23:26:57","slug":"cerca-de-12-mil-familias-atendidas-con-plan-de-amor-y-prosperidad-alimentaria","status":"publish","type":"post","link":"https:\/\/ciudadtrujillo.com\/?p=50813","title":{"rendered":"Cerca de 12 mil familias atendidas con Plan de Amor y Prosperidad Alimentaria"},"content":{"rendered":"<p style=\"text-align: justify;\">\u00a0Con una atenci\u00f3n directa en el territorio, fueron favorecidas m\u00e1s de 12 mil familias trujillanas a trav\u00e9s de las Ferias del Campo Soberano y el despliegue de las Bodegas M\u00f3viles en el marco del Plan de Amor y Prosperidad Alimentaria.<\/p>\n<p style=\"text-align: justify;\">As\u00ed lo inform\u00f3 la directora Territorial del Minppal Trujillo, Lcda. Yughatsi Colina, quien adem\u00e1s detall\u00f3 que fueron \u00abentregadas aproximadamente 30 toneladas de alimentos, entre v\u00edveres y prote\u00ednas, con los diferentes programas sociales\u00bb.<\/p>\n<p style=\"text-align: justify;\">Acot\u00f3 que la Misi\u00f3n Alimentaci\u00f3n se suma a las jornadas que se impulsan con el Sistema de Protecci\u00f3n Social gracias al Gobierno Bolivariano bajo \u00ablas orientaciones de nuestra Presidenta encargada Delcy Rodr\u00edguez, el gobernador Gerardo M\u00e1rquez y el ministro Carlos Leal Teller\u00eda\u00bb.<\/p>\n<p style=\"text-align: justify;\">Por su parte, la se\u00f1ora Karina Gil, habitante favorecida, manifest\u00f3 sentirse \u00abmuy agradecida ya que estamos recibiendo prote\u00ednas y otros v\u00edveres a precios muy acordes\u00bb.<\/p>\n<h6 style=\"text-align: justify;\">\nPrensa Minppal Trujillo\/ Yarlenis Albarr\u00e1n<\/h6>\n","protected":false},"excerpt":{"rendered":"<p>\u00a0Con una atenci\u00f3n directa en el territorio, fueron favorecidas m\u00e1s de 12 mil familias trujillanas a trav\u00e9s de las Ferias del Campo Soberano y el despliegue de las Bodegas M\u00f3viles&hellip; <\/p>\n","protected":false},"author":7,"featured_media":50814,"comment_status":"closed","ping_status":"closed","sticky":false,"template":"","format":"standard","meta":{"footnotes":""},"categories":[40],"tags":[],"class_list":["post-50813","post","type-post","status-publish","format-standard","has-post-thumbnail","hentry","category-grantrujillo"],"_links":{"self":[{"href":"https:\/\/ciudadtrujillo.com\/index.php?rest_route=\/wp\/v2\/posts\/50813","targetHints":{"allow":["GET"]}}],"collection":[{"href":"https:\/\/ciudadtrujillo.com\/index.php?rest_route=\/wp\/v2\/posts"}],"about":[{"href":"https:\/\/ciudadtrujillo.com\/index.php?rest_route=\/wp\/v2\/types\/post"}],"author":[{"embeddable":true,"href":"https:\/\/ciudadtrujillo.com\/index.php?rest_route=\/wp\/v2\/users\/7"}],"replies":[{"embeddable":true,"href":"https:\/\/ciudadtrujillo.com\/index.php?rest_route=%2Fwp%2Fv2%2Fcomments&post=50813"}],"version-history":[{"count":1,"href":"https:\/\/ciudadtrujillo.com\/index.php?rest_route=\/wp\/v2\/posts\/50813\/revisions"}],"predecessor-version":[{"id":50815,"href":"https:\/\/ciudadtrujillo.com\/index.php?rest_route=\/wp\/v2\/posts\/50813\/revisions\/50815"}],"wp:featuredmedia":[{"embeddable":true,"href":"https:\/\/ciudadtrujillo.com\/index.php?rest_route=\/wp\/v2\/media\/50814"}],"wp:attachment":[{"href":"https:\/\/ciudadtrujillo.com\/index.php?rest_route=%2Fwp%2Fv2%2Fmedia&parent=50813"}],"wp:term":[{"taxonomy":"category","embeddable":true,"href":"https:\/\/ciudadtrujillo.com\/index.php?rest_route=%2Fwp%2Fv2%2Fcategories&post=50813"},{"taxonomy":"post_tag","embeddable":true,"href":"https:\/\/ciudadtrujillo.com\/index.php?rest_route=%2Fwp%2Fv2%2Ftags&post=50813"}],"curies":[{"name":"wp","href":"https:\/\/api.w.org\/{rel}","templated":true}]}}