{"id":50807,"date":"2026-03-03T19:22:14","date_gmt":"2026-03-03T23:22:14","guid":{"rendered":"https:\/\/ciudadtrujillo.com\/?p=50807"},"modified":"2026-03-03T19:22:14","modified_gmt":"2026-03-03T23:22:14","slug":"trujillo-se-moviliza-rumbo-a-la-consulta-popular-nacional-del-proximo-8-de-marzo","status":"publish","type":"post","link":"https:\/\/ciudadtrujillo.com\/?p=50807","title":{"rendered":"Trujillo se moviliza rumbo a la Consulta Popular Nacional del pr\u00f3ximo 8 de marzo"},"content":{"rendered":"<p style=\"text-align: justify;\">Este martes, el Poder Popular del estado Trujillo realiz\u00f3 una masiva movilizaci\u00f3n en el municipio Valera, en preparaci\u00f3n para la 1era Consulta Popular Nacional 2026, prevista para el 8 de marzo. La multitudinaria marcha evidenci\u00f3 una vez m\u00e1s el compromiso del pueblo trujillano con la participaci\u00f3n protag\u00f3nica en este proceso electoral y su respaldo absoluto al Presidente Constitucional Nicol\u00e1s Maduro y la Presidenta (e) Delcy Rodr\u00edguez.<\/p>\n<p style=\"text-align: justify;\">La actividad cont\u00f3 con la participaci\u00f3n de autoridades regionales. El alcalde de Valera, Alfredy Moreno, destac\u00f3 que \u00ablas calles del municipio Valera se encuentran desbordadas, el pueblo organizado en las calles ratificando el compromiso rumbo a las elecciones del pr\u00f3ximo domingo\u00bb.<\/p>\n<p style=\"text-align: justify;\">\nAdem\u00e1s, afirm\u00f3 que junto al gobernador Gerardo M\u00e1rquez, el pueblo trujillano tiene la voluntad de participar en la Consulta Popular, \u00abeste es el pueblo que va a decidir en su territorio\u00bb, dijo.<\/p>\n<p style=\"text-align: justify;\">La secretaria de Desarrollo y Consolidaci\u00f3n del Poder Popular, Lcda. Ang\u00e9lica Mor\u00f3n, durante su intervenci\u00f3n, destac\u00f3 que el domingo ser\u00e1 \u00abuna fecha hist\u00f3rica\u00bb, con 1.545 proyectos seleccionados para la elecci\u00f3n, lo que garantizar\u00e1 la mejora en los servicios p\u00fablicos.<\/p>\n<p style=\"text-align: justify;\">Adem\u00e1s, resalt\u00f3 que esto representa \u00abla mayor manifestaci\u00f3n de amor al Presidente Nicol\u00e1s Maduro (&#8230;) las mujeres vamos a demostrar que somos amor, compromiso y lealtad\u00bb.<\/p>\n<p style=\"text-align: justify;\">Por su parte, la trujillana Jaqueline Rojos invit\u00f3 a todas \u00ablas mujeres guerreras, venezolanas que damos todo por esta Patria, a salir a votar por esos proyectos que favorecen a nuestras comunidades\u00bb.<\/p>\n<p>&nbsp;<\/p>\n<p>&nbsp;<\/p>\n<h6>Ciudad Trujillo<br \/>\nGr\u00e1ficas: DGPG<\/h6>\n","protected":false},"excerpt":{"rendered":"<p>Este martes, el Poder Popular del estado Trujillo realiz\u00f3 una masiva movilizaci\u00f3n en el municipio Valera, en preparaci\u00f3n para la 1era Consulta Popular Nacional 2026, prevista para el 8 de&hellip; <\/p>\n","protected":false},"author":7,"featured_media":50808,"comment_status":"closed","ping_status":"closed","sticky":false,"template":"","format":"standard","meta":{"footnotes":""},"categories":[40],"tags":[],"class_list":["post-50807","post","type-post","status-publish","format-standard","has-post-thumbnail","hentry","category-grantrujillo"],"_links":{"self":[{"href":"https:\/\/ciudadtrujillo.com\/index.php?rest_route=\/wp\/v2\/posts\/50807","targetHints":{"allow":["GET"]}}],"collection":[{"href":"https:\/\/ciudadtrujillo.com\/index.php?rest_route=\/wp\/v2\/posts"}],"about":[{"href":"https:\/\/ciudadtrujillo.com\/index.php?rest_route=\/wp\/v2\/types\/post"}],"author":[{"embeddable":true,"href":"https:\/\/ciudadtrujillo.com\/index.php?rest_route=\/wp\/v2\/users\/7"}],"replies":[{"embeddable":true,"href":"https:\/\/ciudadtrujillo.com\/index.php?rest_route=%2Fwp%2Fv2%2Fcomments&post=50807"}],"version-history":[{"count":1,"href":"https:\/\/ciudadtrujillo.com\/index.php?rest_route=\/wp\/v2\/posts\/50807\/revisions"}],"predecessor-version":[{"id":50809,"href":"https:\/\/ciudadtrujillo.com\/index.php?rest_route=\/wp\/v2\/posts\/50807\/revisions\/50809"}],"wp:featuredmedia":[{"embeddable":true,"href":"https:\/\/ciudadtrujillo.com\/index.php?rest_route=\/wp\/v2\/media\/50808"}],"wp:attachment":[{"href":"https:\/\/ciudadtrujillo.com\/index.php?rest_route=%2Fwp%2Fv2%2Fmedia&parent=50807"}],"wp:term":[{"taxonomy":"category","embeddable":true,"href":"https:\/\/ciudadtrujillo.com\/index.php?rest_route=%2Fwp%2Fv2%2Fcategories&post=50807"},{"taxonomy":"post_tag","embeddable":true,"href":"https:\/\/ciudadtrujillo.com\/index.php?rest_route=%2Fwp%2Fv2%2Ftags&post=50807"}],"curies":[{"name":"wp","href":"https:\/\/api.w.org\/{rel}","templated":true}]}}