{"id":50791,"date":"2026-03-02T19:50:36","date_gmt":"2026-03-02T23:50:36","guid":{"rendered":"https:\/\/ciudadtrujillo.com\/?p=50791"},"modified":"2026-03-02T19:50:36","modified_gmt":"2026-03-02T23:50:36","slug":"certifican-en-valera-a-participantes-de-la-escuela-para-el-emprendimiento","status":"publish","type":"post","link":"https:\/\/ciudadtrujillo.com\/?p=50791","title":{"rendered":"Certifican en Valera a participantes de la Escuela para el Emprendimiento"},"content":{"rendered":"<p style=\"text-align: justify;\">En la Escuela para el Emprendimiento \u201cCarmen S\u00e1nchez de Jelambi\u201d se celebr\u00f3 con una ceremonia de certificaci\u00f3n la constancia de 325 participantes, quienes adquirieron conocimientos en diferentes \u00e1reas, adem\u00e1s de las herramientas y la convicci\u00f3n de que es posible crecer a trav\u00e9s del desarrollo de sus habilidades.<\/p>\n<p style=\"text-align: justify;\">Los participantes egresaron de los cursos de panader\u00eda (b\u00e1sica y avanzada), reposter\u00eda (b\u00e1sica y avanzada), cocina, vegetariana, cocina alternativa, pasapalos, tejido a croch\u00e9, peluquer\u00eda, colorimetr\u00eda, trenzado de cabello, peinado, dise\u00f1o de cejas, manicura, pedicura, barber\u00eda, corte y costura, ropa deportiva, ropa \u00edntima, bordado a m\u00e1quina, bordado a mano y pintura al \u00f3leo, correspondientes a las \u00e1reas de Salud y Belleza Integral, Artes Culinarias, Textil y confecci\u00f3n de accesorios.<\/p>\n<p style=\"text-align: justify;\">La jornada incluy\u00f3 una nutrida exposici\u00f3n que evidenci\u00f3 el compromiso de la instituci\u00f3n con la calidad formativa del municipio Valera y dio cuenta del avance de cada uno de los participantes, quienes con orgullo exhibieron sus creaciones.<\/p>\n<p style=\"text-align: justify;\">Eduardo Valecillos, director de la instituci\u00f3n emiti\u00f3 palabras de reconocimiento por el esfuerzo realizado, recordando que la misma cuenta con 68 a\u00f1os de historia y arraigo en el coraz\u00f3n de la ciudad, generando valor econ\u00f3mico y social.<\/p>\n<p style=\"text-align: justify;\">La planta profesional de la instituci\u00f3n est\u00e1 conformada por Eduardo Valecillos, Dagmary Gonz\u00e1lez, Yusbeli Azuaje, Nuemy Rojas, Ulises Mateus, Yosquelis Mej\u00edas, Aurimet Duarte, Cleo Granados, Ana S\u00e1nchez, July Arias, Omar Monsalve, Gabriela Moncada y Yulimar Ca\u00f1izalez.<\/p>\n<p style=\"text-align: justify;\">Jos\u00e9 Torres, responsable de la Plataforma de Artes Pl\u00e1sticas del Instituto de la Cultura y las Artes de la Gobernaci\u00f3n de Trujillo (Incaet), presidido por el profesor Tem\u00edstocles Cabezas Morales, ente rector de la Escuela para el Emprendimiento \u201cCarmen S\u00e1nchez de Jelambi\u201d, extendi\u00f3 palabras de felicitaciones al personal directivo, administrativo y obrero por el trabajo desempe\u00f1ado y destac\u00f3 que la instituci\u00f3n ser\u00e1 certificada a trav\u00e9s del Servicio Aut\u00f3nomo para la Propiedad Intelectual (SAPI), ente adscrito al Ministerio del Poder Popular para el Comercio Nacional, como parte de los v\u00e9rtices de acci\u00f3n de la \u201cGran Misi\u00f3n Viva Venezuela, Mi Patria Querida\u201d .<\/p>\n<p style=\"text-align: justify;\">La jornada incluy\u00f3 la actuaci\u00f3n musical de una participante y de una colaboradora de la escuela, llenando de ritmo el ambiente.<\/p>\n<p style=\"text-align: justify;\">\n<p>&nbsp;<\/p>\n<h6>Prensa Incaet Texto y gr\u00e1ficas: Griselda Castellanos<\/h6>\n","protected":false},"excerpt":{"rendered":"<p>En la Escuela para el Emprendimiento \u201cCarmen S\u00e1nchez de Jelambi\u201d se celebr\u00f3 con una ceremonia de certificaci\u00f3n la constancia de 325 participantes, quienes adquirieron conocimientos en diferentes \u00e1reas, adem\u00e1s de&hellip; <\/p>\n","protected":false},"author":7,"featured_media":50792,"comment_status":"closed","ping_status":"closed","sticky":false,"template":"","format":"standard","meta":{"footnotes":""},"categories":[40],"tags":[],"class_list":["post-50791","post","type-post","status-publish","format-standard","has-post-thumbnail","hentry","category-grantrujillo"],"_links":{"self":[{"href":"https:\/\/ciudadtrujillo.com\/index.php?rest_route=\/wp\/v2\/posts\/50791","targetHints":{"allow":["GET"]}}],"collection":[{"href":"https:\/\/ciudadtrujillo.com\/index.php?rest_route=\/wp\/v2\/posts"}],"about":[{"href":"https:\/\/ciudadtrujillo.com\/index.php?rest_route=\/wp\/v2\/types\/post"}],"author":[{"embeddable":true,"href":"https:\/\/ciudadtrujillo.com\/index.php?rest_route=\/wp\/v2\/users\/7"}],"replies":[{"embeddable":true,"href":"https:\/\/ciudadtrujillo.com\/index.php?rest_route=%2Fwp%2Fv2%2Fcomments&post=50791"}],"version-history":[{"count":1,"href":"https:\/\/ciudadtrujillo.com\/index.php?rest_route=\/wp\/v2\/posts\/50791\/revisions"}],"predecessor-version":[{"id":50793,"href":"https:\/\/ciudadtrujillo.com\/index.php?rest_route=\/wp\/v2\/posts\/50791\/revisions\/50793"}],"wp:featuredmedia":[{"embeddable":true,"href":"https:\/\/ciudadtrujillo.com\/index.php?rest_route=\/wp\/v2\/media\/50792"}],"wp:attachment":[{"href":"https:\/\/ciudadtrujillo.com\/index.php?rest_route=%2Fwp%2Fv2%2Fmedia&parent=50791"}],"wp:term":[{"taxonomy":"category","embeddable":true,"href":"https:\/\/ciudadtrujillo.com\/index.php?rest_route=%2Fwp%2Fv2%2Fcategories&post=50791"},{"taxonomy":"post_tag","embeddable":true,"href":"https:\/\/ciudadtrujillo.com\/index.php?rest_route=%2Fwp%2Fv2%2Ftags&post=50791"}],"curies":[{"name":"wp","href":"https:\/\/api.w.org\/{rel}","templated":true}]}}