{"id":50788,"date":"2026-03-02T19:48:20","date_gmt":"2026-03-02T23:48:20","guid":{"rendered":"https:\/\/ciudadtrujillo.com\/?p=50788"},"modified":"2026-03-02T19:48:20","modified_gmt":"2026-03-02T23:48:20","slug":"ruta-saime-llega-a-cada-rincon-de-la-patria-cedulo-a-3-440-habitantes-del-municipio-campo-elias","status":"publish","type":"post","link":"https:\/\/ciudadtrujillo.com\/?p=50788","title":{"rendered":"Ruta \u00abSaime llega a cada rinc\u00f3n de la Patria\u00bb cedul\u00f3 a 3.440 habitantes del municipio Campo El\u00edas"},"content":{"rendered":"<p style=\"text-align: justify;\">Priorizando el derecho a la identidad venezolana, a trav\u00e9s de la Ruta \u00abSaime llega a cada rinc\u00f3n de la Patria\u00bb se realiz\u00f3 la emisi\u00f3n de c\u00e9dulas para garantizar este importante documento a 3.440 habitantes del municipio Vicente Campo El\u00edas.<\/p>\n<p style=\"text-align: justify;\">La jornada, orientada por la presidenta encargada Delcy Rodr\u00edguez, se desarroll\u00f3 durante la semana del 23 al 28 de febrero, como parte del trabajo conjunto entre el Saime, la Gobernaci\u00f3n del estado Trujillo y la Alcald\u00eda del municipio Campo El\u00edas.<\/p>\n<p style=\"text-align: justify;\">Es de acotar que tambi\u00e9n se lograron 383 verificaciones en este servicio.<\/p>\n<p style=\"text-align: justify;\">Se dio a conocer que la segunda fase corresponde a esta semana del 02 al 07 de marzo en el municipio Candelaria de la entidad trujillana.<\/p>\n<p>&nbsp;<\/p>\n<p>&nbsp;<\/p>\n<h6>Prensa Alcald\u00eda del municipio Vicente Campo El\u00edas<\/h6>\n","protected":false},"excerpt":{"rendered":"<p>Priorizando el derecho a la identidad venezolana, a trav\u00e9s de la Ruta \u00abSaime llega a cada rinc\u00f3n de la Patria\u00bb se realiz\u00f3 la emisi\u00f3n de c\u00e9dulas para garantizar este importante&hellip; <\/p>\n","protected":false},"author":7,"featured_media":50789,"comment_status":"closed","ping_status":"closed","sticky":false,"template":"","format":"standard","meta":{"footnotes":""},"categories":[40],"tags":[],"class_list":["post-50788","post","type-post","status-publish","format-standard","has-post-thumbnail","hentry","category-grantrujillo"],"_links":{"self":[{"href":"https:\/\/ciudadtrujillo.com\/index.php?rest_route=\/wp\/v2\/posts\/50788","targetHints":{"allow":["GET"]}}],"collection":[{"href":"https:\/\/ciudadtrujillo.com\/index.php?rest_route=\/wp\/v2\/posts"}],"about":[{"href":"https:\/\/ciudadtrujillo.com\/index.php?rest_route=\/wp\/v2\/types\/post"}],"author":[{"embeddable":true,"href":"https:\/\/ciudadtrujillo.com\/index.php?rest_route=\/wp\/v2\/users\/7"}],"replies":[{"embeddable":true,"href":"https:\/\/ciudadtrujillo.com\/index.php?rest_route=%2Fwp%2Fv2%2Fcomments&post=50788"}],"version-history":[{"count":1,"href":"https:\/\/ciudadtrujillo.com\/index.php?rest_route=\/wp\/v2\/posts\/50788\/revisions"}],"predecessor-version":[{"id":50790,"href":"https:\/\/ciudadtrujillo.com\/index.php?rest_route=\/wp\/v2\/posts\/50788\/revisions\/50790"}],"wp:featuredmedia":[{"embeddable":true,"href":"https:\/\/ciudadtrujillo.com\/index.php?rest_route=\/wp\/v2\/media\/50789"}],"wp:attachment":[{"href":"https:\/\/ciudadtrujillo.com\/index.php?rest_route=%2Fwp%2Fv2%2Fmedia&parent=50788"}],"wp:term":[{"taxonomy":"category","embeddable":true,"href":"https:\/\/ciudadtrujillo.com\/index.php?rest_route=%2Fwp%2Fv2%2Fcategories&post=50788"},{"taxonomy":"post_tag","embeddable":true,"href":"https:\/\/ciudadtrujillo.com\/index.php?rest_route=%2Fwp%2Fv2%2Ftags&post=50788"}],"curies":[{"name":"wp","href":"https:\/\/api.w.org\/{rel}","templated":true}]}}