{"id":50779,"date":"2026-03-02T19:43:31","date_gmt":"2026-03-02T23:43:31","guid":{"rendered":"https:\/\/ciudadtrujillo.com\/?p=50779"},"modified":"2026-03-02T19:43:31","modified_gmt":"2026-03-02T23:43:31","slug":"realizan-consulta-publica-de-la-ley-organica-para-la-igualdad-de-mujeres","status":"publish","type":"post","link":"https:\/\/ciudadtrujillo.com\/?p=50779","title":{"rendered":"Realizan consulta p\u00fablica de la Ley Org\u00e1nica para la Igualdad de Mujeres"},"content":{"rendered":"<p style=\"text-align: justify;\">En un encuentro realizado en la Casa Bol\u00edvar Ch\u00e1vez en el municipio Valera, se realiz\u00f3 la consulta p\u00fablica del proyecto de Ley Org\u00e1nica para la Igualdad de Mujeres a fin de enriquecer la propuesta de este texto legal con los aportes desde todas las \u00e1reas.<\/p>\n<p style=\"text-align: justify;\">En este sentido, la presidenta del Consejo Legislativo del estado Trujillo (CLET), Gioconda Quevedo, destac\u00f3 que esta actividad permite territorializar la ley a fin de que \u00ablas propuestas generadas por el pueblo sean utilizadas para construir este instrumento legal\u00bb.<\/p>\n<p style=\"text-align: justify;\">Acot\u00f3 que el pr\u00f3ximo 8 de marzo, \u00abvamos a celebrar el D\u00eda de la Mujer con la mayor participaci\u00f3n de las mujeres en la pr\u00f3xima Consulta Popular Nacional\u00bb.<\/p>\n<p style=\"text-align: justify;\">Por su parte, la diputada Mar\u00eda Avenda\u00f1o, miembro de la Comisi\u00f3n Permanente de Desarrollo Social Integral, se\u00f1al\u00f3 que \u00abeste proyecto de ley es para la protecci\u00f3n de los derechos de nuestras mujeres en los diferentes \u00e1mbitos, pol\u00edtico, social, econ\u00f3mico y todos en general\u00bb.<\/p>\n<p style=\"text-align: justify;\">Asimismo, detall\u00f3 que se han desarrollado amplios debates al respecto e indic\u00f3 que el objetivo es promover la autonom\u00eda plena de las mujeres, adem\u00e1s de una cultura basada en la igualdad.<\/p>\n<p style=\"text-align: justify;\">Por su parte, el jefe del Bloque Parlamentario del estado Trujillo, Dip. Francisco Garc\u00eda, resalt\u00f3 el que las mujeres son \u00abluchadoras sociales, dirigentes pol\u00edticas (&#8230;) son ellas quienes est\u00e1n en los territorios y esto es parte de los esfuerzos que se hacen por empoderar a la mujer porque son un verdadero factor de unidad\u00bb.<\/p>\n<p style=\"text-align: justify;\">Igualmente, Deglimar \u00c1lvarez, del municipio Rafael Rangel, expres\u00f3 que \u00abes importante que esta ley se comience a promover incluso en las instituciones educativas para formar una nueva cultura de igualdad\u00bb.<\/p>\n<p>&nbsp;<\/p>\n<p>&nbsp;<\/p>\n<h6>Ciudad Trujillo<br \/>\nGr\u00e1ficas: DGPG<\/h6>\n","protected":false},"excerpt":{"rendered":"<p>En un encuentro realizado en la Casa Bol\u00edvar Ch\u00e1vez en el municipio Valera, se realiz\u00f3 la consulta p\u00fablica del proyecto de Ley Org\u00e1nica para la Igualdad de Mujeres a fin&hellip; <\/p>\n","protected":false},"author":7,"featured_media":50780,"comment_status":"closed","ping_status":"closed","sticky":false,"template":"","format":"standard","meta":{"footnotes":""},"categories":[40],"tags":[],"class_list":["post-50779","post","type-post","status-publish","format-standard","has-post-thumbnail","hentry","category-grantrujillo"],"_links":{"self":[{"href":"https:\/\/ciudadtrujillo.com\/index.php?rest_route=\/wp\/v2\/posts\/50779","targetHints":{"allow":["GET"]}}],"collection":[{"href":"https:\/\/ciudadtrujillo.com\/index.php?rest_route=\/wp\/v2\/posts"}],"about":[{"href":"https:\/\/ciudadtrujillo.com\/index.php?rest_route=\/wp\/v2\/types\/post"}],"author":[{"embeddable":true,"href":"https:\/\/ciudadtrujillo.com\/index.php?rest_route=\/wp\/v2\/users\/7"}],"replies":[{"embeddable":true,"href":"https:\/\/ciudadtrujillo.com\/index.php?rest_route=%2Fwp%2Fv2%2Fcomments&post=50779"}],"version-history":[{"count":1,"href":"https:\/\/ciudadtrujillo.com\/index.php?rest_route=\/wp\/v2\/posts\/50779\/revisions"}],"predecessor-version":[{"id":50781,"href":"https:\/\/ciudadtrujillo.com\/index.php?rest_route=\/wp\/v2\/posts\/50779\/revisions\/50781"}],"wp:featuredmedia":[{"embeddable":true,"href":"https:\/\/ciudadtrujillo.com\/index.php?rest_route=\/wp\/v2\/media\/50780"}],"wp:attachment":[{"href":"https:\/\/ciudadtrujillo.com\/index.php?rest_route=%2Fwp%2Fv2%2Fmedia&parent=50779"}],"wp:term":[{"taxonomy":"category","embeddable":true,"href":"https:\/\/ciudadtrujillo.com\/index.php?rest_route=%2Fwp%2Fv2%2Fcategories&post=50779"},{"taxonomy":"post_tag","embeddable":true,"href":"https:\/\/ciudadtrujillo.com\/index.php?rest_route=%2Fwp%2Fv2%2Ftags&post=50779"}],"curies":[{"name":"wp","href":"https:\/\/api.w.org\/{rel}","templated":true}]}}