{"id":50768,"date":"2026-03-01T21:03:18","date_gmt":"2026-03-02T01:03:18","guid":{"rendered":"https:\/\/ciudadtrujillo.com\/?p=50768"},"modified":"2026-03-01T21:03:18","modified_gmt":"2026-03-02T01:03:18","slug":"emao-abordo-mas-de-150-km-con-recoleccion-de-sedimentos-y-desechos-vegetales","status":"publish","type":"post","link":"https:\/\/ciudadtrujillo.com\/?p=50768","title":{"rendered":"EMAO abord\u00f3 m\u00e1s de 150 km con recolecci\u00f3n de sedimentos y desechos vegetales"},"content":{"rendered":"<div dir=\"auto\" style=\"text-align: justify;\"><\/div>\n<div dir=\"auto\" style=\"text-align: justify;\">Bajo orientaciones del gobernador Gerardo M\u00e1rquez, la fuerza trabajadora de la Empresa de Mantenimiento, Aseo y Ornato de Trujillo (EMAO), se despleg\u00f3 en los diferentes municipios de la entidad para desarrollar sus labores de limpieza, desmalezamiento, as\u00ed como recolecci\u00f3n de desechos vegetales y sedimentos.<\/div>\n<div dir=\"auto\" style=\"text-align: justify;\"><\/div>\n<div dir=\"auto\" style=\"text-align: justify;\">Seg\u00fan un reporte emitido por la empresa, durante el mes de febrero fueron atendidos 151.5 km de vialidad, adem\u00e1s de la recolecci\u00f3n de 170.35 toneladas de desechos vegetal y 21.0 toneladas de sedimentos.<\/div>\n<div dir=\"auto\" style=\"text-align: justify;\"><\/div>\n<div dir=\"auto\" style=\"text-align: justify;\">Estos trabajos se desempe\u00f1aron en los municipios Valera, Trujillo (capital), Candelaria, Pampanito, San Rafael de Carvajal, Motat\u00e1n, Rafael Rangel y Pamp\u00e1n.<\/div>\n<div dir=\"auto\" style=\"text-align: justify;\"><\/div>\n<div dir=\"auto\" style=\"text-align: justify;\">Tambi\u00e9n fueron impactadas las principales v\u00edas del estado, instituciones y centros asistenciales.<\/div>\n<div dir=\"auto\" style=\"text-align: justify;\"><\/div>\n<div dir=\"auto\" style=\"text-align: justify;\">Con la distribuci\u00f3n de agua potable a trav\u00e9s de cisternas fueron despachados 3 mil 170 litros en 9 municipios del estado favoreciendo a las comunidades, centros de salud e instituciones p\u00fablicas.<\/div>\n<div dir=\"auto\"><\/div>\n<div dir=\"auto\">\n<div dir=\"auto\">Ciudad Trujillo<\/div>\n<div dir=\"auto\">Gr\u00e1ficas: Cortes\u00eda<\/div>\n<\/div>\n","protected":false},"excerpt":{"rendered":"<p>Bajo orientaciones del gobernador Gerardo M\u00e1rquez, la fuerza trabajadora de la Empresa de Mantenimiento, Aseo y Ornato de Trujillo (EMAO), se despleg\u00f3 en los diferentes municipios de la entidad para&hellip; <\/p>\n","protected":false},"author":7,"featured_media":0,"comment_status":"closed","ping_status":"closed","sticky":false,"template":"","format":"standard","meta":{"footnotes":""},"categories":[40],"tags":[],"class_list":["post-50768","post","type-post","status-publish","format-standard","hentry","category-grantrujillo"],"_links":{"self":[{"href":"https:\/\/ciudadtrujillo.com\/index.php?rest_route=\/wp\/v2\/posts\/50768","targetHints":{"allow":["GET"]}}],"collection":[{"href":"https:\/\/ciudadtrujillo.com\/index.php?rest_route=\/wp\/v2\/posts"}],"about":[{"href":"https:\/\/ciudadtrujillo.com\/index.php?rest_route=\/wp\/v2\/types\/post"}],"author":[{"embeddable":true,"href":"https:\/\/ciudadtrujillo.com\/index.php?rest_route=\/wp\/v2\/users\/7"}],"replies":[{"embeddable":true,"href":"https:\/\/ciudadtrujillo.com\/index.php?rest_route=%2Fwp%2Fv2%2Fcomments&post=50768"}],"version-history":[{"count":1,"href":"https:\/\/ciudadtrujillo.com\/index.php?rest_route=\/wp\/v2\/posts\/50768\/revisions"}],"predecessor-version":[{"id":50771,"href":"https:\/\/ciudadtrujillo.com\/index.php?rest_route=\/wp\/v2\/posts\/50768\/revisions\/50771"}],"wp:attachment":[{"href":"https:\/\/ciudadtrujillo.com\/index.php?rest_route=%2Fwp%2Fv2%2Fmedia&parent=50768"}],"wp:term":[{"taxonomy":"category","embeddable":true,"href":"https:\/\/ciudadtrujillo.com\/index.php?rest_route=%2Fwp%2Fv2%2Fcategories&post=50768"},{"taxonomy":"post_tag","embeddable":true,"href":"https:\/\/ciudadtrujillo.com\/index.php?rest_route=%2Fwp%2Fv2%2Ftags&post=50768"}],"curies":[{"name":"wp","href":"https:\/\/api.w.org\/{rel}","templated":true}]}}