{"id":50759,"date":"2026-03-01T20:49:57","date_gmt":"2026-03-02T00:49:57","guid":{"rendered":"https:\/\/ciudadtrujillo.com\/?p=50759"},"modified":"2026-03-01T20:49:57","modified_gmt":"2026-03-02T00:49:57","slug":"ejecutivo-regional-trabaja-en-atencion-de-falla-de-borde-en-urdaneta","status":"publish","type":"post","link":"https:\/\/ciudadtrujillo.com\/?p=50759","title":{"rendered":"Ejecutivo regional trabaja en atenci\u00f3n de falla de borde en Urdaneta"},"content":{"rendered":"<div id=\":1hn\" class=\"ii gt\">\n<div id=\":1hm\" class=\"a3s aiL\">\n<div id=\"avWBGd-171\">\n<div dir=\"auto\">\n<div dir=\"auto\" style=\"text-align: justify;\">Con los trabajos de canaliEjecutivo regional trabaja en atenci\u00f3n de falla de borde en Urdanetazaci\u00f3n del r\u00edo Motat\u00e1n desarrollados por el equipo de la Empresa de Asfalto del estado Trujillo (Emastru) iniciaron este s\u00e1bado las labores de recuperaci\u00f3n de la calzada afectada por una falla de borde en la v\u00eda trasandina, a la altura del sector Miraflores en el municipio Urdaneta.<\/div>\n<div dir=\"auto\" style=\"text-align: justify;\"><\/div>\n<div dir=\"auto\" style=\"text-align: justify;\">El personal desplegado, junto con la maquinaria necesaria, atienden esta zona afectada siguiendo los lineamientos orientados el pasado viernes por el gobernador Gerardo M\u00e1rquez. En el lugar se prev\u00e9 la extracci\u00f3n de material rocoso y la construcci\u00f3n de un muro de contenci\u00f3n con revestimiento de concreto.<\/div>\n<div dir=\"auto\" style=\"text-align: justify;\"><\/div>\n<div dir=\"auto\" style=\"text-align: justify;\">Asimismo, en atenci\u00f3n a la falla de borde se realizar\u00e1 la compactaci\u00f3n con material de pr\u00e9stamo y la construcci\u00f3n de bases, defensas y cunetas de concreto para finalmente colocar mezcla asf\u00e1ltica en carpeta de nivelaci\u00f3n y rodamiento as\u00ed como la respectiva demarcaci\u00f3n vial, todo ello en el marco de los proyectos de recuperaci\u00f3n vial que lleva adelante el Gobierno Bolivariano de Trujillo.<\/div>\n<\/div>\n<div class=\"yj6qo\" style=\"text-align: justify;\"><\/div>\n<div class=\"adL\" style=\"text-align: justify;\"><\/div>\n<\/div>\n<\/div>\n<\/div>\n<div id=\":1hf\" class=\"hq gt\" style=\"text-align: justify;\"><\/div>\n<div><\/div>\n<div><\/div>\n<h6>Prensa Emastru<\/h6>\n","protected":false},"excerpt":{"rendered":"<p>Con los trabajos de canaliEjecutivo regional trabaja en atenci\u00f3n de falla de borde en Urdanetazaci\u00f3n del r\u00edo Motat\u00e1n desarrollados por el equipo de la Empresa de Asfalto del estado Trujillo&hellip; <\/p>\n","protected":false},"author":7,"featured_media":50760,"comment_status":"closed","ping_status":"closed","sticky":false,"template":"","format":"standard","meta":{"footnotes":""},"categories":[40],"tags":[],"class_list":["post-50759","post","type-post","status-publish","format-standard","has-post-thumbnail","hentry","category-grantrujillo"],"_links":{"self":[{"href":"https:\/\/ciudadtrujillo.com\/index.php?rest_route=\/wp\/v2\/posts\/50759","targetHints":{"allow":["GET"]}}],"collection":[{"href":"https:\/\/ciudadtrujillo.com\/index.php?rest_route=\/wp\/v2\/posts"}],"about":[{"href":"https:\/\/ciudadtrujillo.com\/index.php?rest_route=\/wp\/v2\/types\/post"}],"author":[{"embeddable":true,"href":"https:\/\/ciudadtrujillo.com\/index.php?rest_route=\/wp\/v2\/users\/7"}],"replies":[{"embeddable":true,"href":"https:\/\/ciudadtrujillo.com\/index.php?rest_route=%2Fwp%2Fv2%2Fcomments&post=50759"}],"version-history":[{"count":1,"href":"https:\/\/ciudadtrujillo.com\/index.php?rest_route=\/wp\/v2\/posts\/50759\/revisions"}],"predecessor-version":[{"id":50761,"href":"https:\/\/ciudadtrujillo.com\/index.php?rest_route=\/wp\/v2\/posts\/50759\/revisions\/50761"}],"wp:featuredmedia":[{"embeddable":true,"href":"https:\/\/ciudadtrujillo.com\/index.php?rest_route=\/wp\/v2\/media\/50760"}],"wp:attachment":[{"href":"https:\/\/ciudadtrujillo.com\/index.php?rest_route=%2Fwp%2Fv2%2Fmedia&parent=50759"}],"wp:term":[{"taxonomy":"category","embeddable":true,"href":"https:\/\/ciudadtrujillo.com\/index.php?rest_route=%2Fwp%2Fv2%2Fcategories&post=50759"},{"taxonomy":"post_tag","embeddable":true,"href":"https:\/\/ciudadtrujillo.com\/index.php?rest_route=%2Fwp%2Fv2%2Ftags&post=50759"}],"curies":[{"name":"wp","href":"https:\/\/api.w.org\/{rel}","templated":true}]}}