{"id":50746,"date":"2026-02-26T22:35:14","date_gmt":"2026-02-27T02:35:14","guid":{"rendered":"https:\/\/ciudadtrujillo.com\/?p=50746"},"modified":"2026-02-26T22:35:14","modified_gmt":"2026-02-27T02:35:14","slug":"con-3-mil-plantas-arranca-primer-vivero-municipal-en-pampan","status":"publish","type":"post","link":"https:\/\/ciudadtrujillo.com\/?p=50746","title":{"rendered":"Con 3 mil plantas arranca primer vivero municipal en Pamp\u00e1n"},"content":{"rendered":"<p style=\"text-align: justify;\">En un esfuerzo por embellecer los espacios p\u00fablicos de Pamp\u00e1n y en apoyo al desarrollo del plan de reforestaci\u00f3n impulsado por el Gobierno Bolivariano, la alcald\u00eda del municipio llev\u00f3 a cabo la inauguraci\u00f3n del Vivero \u00abDios es Amor\u00bb en el sector El Cumbe de la parroquia Pamp\u00e1n.<\/p>\n<p style=\"text-align: justify;\">Dicho espacio inici\u00f3 sus actividades con tres mil plantas qu\u00e9 est\u00e1n destinadas para el embellecimiento de diversos espacios p\u00fablicos.<\/p>\n<p style=\"text-align: justify;\">Por su parte, la m\u00e1xima autoridad del municipio Pamp\u00e1n, alcalde Manuel Pe\u00f1a, afirm\u00f3: \u00abcon la construcci\u00f3n de este vivero logramos la sensibilizaci\u00f3n de valores para la protecci\u00f3n del ambiente a trav\u00e9s de acciones como esta, manteniendo nuestro compromiso de crear estrategias en beneficio de la colectividad\u00bb.<\/p>\n<p style=\"text-align: justify;\">Este espacio no solo funcionar\u00e1 para la siembra de plantas de diferentes tipos, tambi\u00e9n servir\u00e1 como un centro de educaci\u00f3n ambiental para los ciudadanos, una iniciativa que se consolida como una gran herramienta en materia de sostenibilidad y recuperaci\u00f3n ambiental.<\/p>\n<p>&nbsp;<\/p>\n<p>&nbsp;<\/p>\n<h6>Prensa Alcald\u00eda del municipio Pamp\u00e1n<\/h6>\n","protected":false},"excerpt":{"rendered":"<p>En un esfuerzo por embellecer los espacios p\u00fablicos de Pamp\u00e1n y en apoyo al desarrollo del plan de reforestaci\u00f3n impulsado por el Gobierno Bolivariano, la alcald\u00eda del municipio llev\u00f3 a&hellip; <\/p>\n","protected":false},"author":7,"featured_media":50747,"comment_status":"closed","ping_status":"closed","sticky":false,"template":"","format":"standard","meta":{"footnotes":""},"categories":[40],"tags":[],"class_list":["post-50746","post","type-post","status-publish","format-standard","has-post-thumbnail","hentry","category-grantrujillo"],"_links":{"self":[{"href":"https:\/\/ciudadtrujillo.com\/index.php?rest_route=\/wp\/v2\/posts\/50746","targetHints":{"allow":["GET"]}}],"collection":[{"href":"https:\/\/ciudadtrujillo.com\/index.php?rest_route=\/wp\/v2\/posts"}],"about":[{"href":"https:\/\/ciudadtrujillo.com\/index.php?rest_route=\/wp\/v2\/types\/post"}],"author":[{"embeddable":true,"href":"https:\/\/ciudadtrujillo.com\/index.php?rest_route=\/wp\/v2\/users\/7"}],"replies":[{"embeddable":true,"href":"https:\/\/ciudadtrujillo.com\/index.php?rest_route=%2Fwp%2Fv2%2Fcomments&post=50746"}],"version-history":[{"count":1,"href":"https:\/\/ciudadtrujillo.com\/index.php?rest_route=\/wp\/v2\/posts\/50746\/revisions"}],"predecessor-version":[{"id":50748,"href":"https:\/\/ciudadtrujillo.com\/index.php?rest_route=\/wp\/v2\/posts\/50746\/revisions\/50748"}],"wp:featuredmedia":[{"embeddable":true,"href":"https:\/\/ciudadtrujillo.com\/index.php?rest_route=\/wp\/v2\/media\/50747"}],"wp:attachment":[{"href":"https:\/\/ciudadtrujillo.com\/index.php?rest_route=%2Fwp%2Fv2%2Fmedia&parent=50746"}],"wp:term":[{"taxonomy":"category","embeddable":true,"href":"https:\/\/ciudadtrujillo.com\/index.php?rest_route=%2Fwp%2Fv2%2Fcategories&post=50746"},{"taxonomy":"post_tag","embeddable":true,"href":"https:\/\/ciudadtrujillo.com\/index.php?rest_route=%2Fwp%2Fv2%2Ftags&post=50746"}],"curies":[{"name":"wp","href":"https:\/\/api.w.org\/{rel}","templated":true}]}}