{"id":50740,"date":"2026-02-26T22:31:49","date_gmt":"2026-02-27T02:31:49","guid":{"rendered":"https:\/\/ciudadtrujillo.com\/?p=50740"},"modified":"2026-02-26T22:31:49","modified_gmt":"2026-02-27T02:31:49","slug":"entregaran-700-luminarias-a-circuitos-comunales-para-plan-de-alumbrado-publico-en-valera","status":"publish","type":"post","link":"https:\/\/ciudadtrujillo.com\/?p=50740","title":{"rendered":"Entregar\u00e1n 700 luminarias a Circuitos Comunales para Plan de Alumbrado P\u00fablico en Valera"},"content":{"rendered":"<p style=\"text-align: justify;\">La Alcald\u00eda Comunal de Valera arranca el Plan Integral de Alumbrado P\u00fablico con la llegada de 700 luminarias que ser\u00e1n instaladas en diferentes sectores de las 6 parroquias del municipio.<\/p>\n<p style=\"text-align: justify;\">Gracias al apoyo del Gobierno nacional, regional y municipal, as\u00ed como al proceso de recaudaci\u00f3n fiscal y al pago oportuno de los contribuyentes se pueden invertir recursos en acciones concretas para el buen vivir del pueblo.<\/p>\n<p style=\"text-align: justify;\">De esta manera, Valera renace con las obras y mejoras en los servicios p\u00fablicos con apoyo del gobernador Gerardo M\u00e1rquez y el alcalde Alfredy Moreno.<\/p>\n<p>&nbsp;<\/p>\n<p>&nbsp;<\/p>\n<h6>Prensa Alcald\u00eda Comunal de Valera<\/h6>\n","protected":false},"excerpt":{"rendered":"<p>La Alcald\u00eda Comunal de Valera arranca el Plan Integral de Alumbrado P\u00fablico con la llegada de 700 luminarias que ser\u00e1n instaladas en diferentes sectores de las 6 parroquias del municipio.&hellip; <\/p>\n","protected":false},"author":7,"featured_media":50741,"comment_status":"closed","ping_status":"closed","sticky":false,"template":"","format":"standard","meta":{"footnotes":""},"categories":[40],"tags":[],"class_list":["post-50740","post","type-post","status-publish","format-standard","has-post-thumbnail","hentry","category-grantrujillo"],"_links":{"self":[{"href":"https:\/\/ciudadtrujillo.com\/index.php?rest_route=\/wp\/v2\/posts\/50740","targetHints":{"allow":["GET"]}}],"collection":[{"href":"https:\/\/ciudadtrujillo.com\/index.php?rest_route=\/wp\/v2\/posts"}],"about":[{"href":"https:\/\/ciudadtrujillo.com\/index.php?rest_route=\/wp\/v2\/types\/post"}],"author":[{"embeddable":true,"href":"https:\/\/ciudadtrujillo.com\/index.php?rest_route=\/wp\/v2\/users\/7"}],"replies":[{"embeddable":true,"href":"https:\/\/ciudadtrujillo.com\/index.php?rest_route=%2Fwp%2Fv2%2Fcomments&post=50740"}],"version-history":[{"count":1,"href":"https:\/\/ciudadtrujillo.com\/index.php?rest_route=\/wp\/v2\/posts\/50740\/revisions"}],"predecessor-version":[{"id":50742,"href":"https:\/\/ciudadtrujillo.com\/index.php?rest_route=\/wp\/v2\/posts\/50740\/revisions\/50742"}],"wp:featuredmedia":[{"embeddable":true,"href":"https:\/\/ciudadtrujillo.com\/index.php?rest_route=\/wp\/v2\/media\/50741"}],"wp:attachment":[{"href":"https:\/\/ciudadtrujillo.com\/index.php?rest_route=%2Fwp%2Fv2%2Fmedia&parent=50740"}],"wp:term":[{"taxonomy":"category","embeddable":true,"href":"https:\/\/ciudadtrujillo.com\/index.php?rest_route=%2Fwp%2Fv2%2Fcategories&post=50740"},{"taxonomy":"post_tag","embeddable":true,"href":"https:\/\/ciudadtrujillo.com\/index.php?rest_route=%2Fwp%2Fv2%2Ftags&post=50740"}],"curies":[{"name":"wp","href":"https:\/\/api.w.org\/{rel}","templated":true}]}}