{"id":50736,"date":"2026-02-26T22:30:18","date_gmt":"2026-02-27T02:30:18","guid":{"rendered":"https:\/\/ciudadtrujillo.com\/?p=50736"},"modified":"2026-02-26T22:30:18","modified_gmt":"2026-02-27T02:30:18","slug":"poder-comunal-del-estado-se-alista-para-consulta-popular-del-8-de-marzo","status":"publish","type":"post","link":"https:\/\/ciudadtrujillo.com\/?p=50736","title":{"rendered":"Poder Comunal del estado se alista para Consulta Popular del 8 de marzo"},"content":{"rendered":"<p style=\"text-align: justify;\">Este jueves, en Valera se llev\u00f3 a cabo la jornada \u00abCara a Cara rendimos cuentas\u00bb, la cual estuvo integrada por los representantes de los Circuitos Comunales y Comunas de los 20 municipios de la entidad.<\/p>\n<p style=\"text-align: justify;\">La actividad, que se realiz\u00f3 previo a la Consulta Popular del 8 de marzo, estuvo encabezada por la secretaria de Desarrollo y Consolidaci\u00f3n del Poder Popular, Lcda. Ang\u00e9lica Mor\u00f3n, quien destac\u00f3 que este encuentro permite realizar cada uno de los procesos ejercidos por el poder comunal en la entidad.<\/p>\n<p style=\"text-align: justify;\">Asimismo, Mor\u00f3n mencion\u00f3 que durante la jornada se demostr\u00f3 la gesti\u00f3n comunal en cada uno de los territorios, por lo que al tiempo exhort\u00f3 a los responsables de los circuitos comunales a seguir los lineamientos establecidos luego de cada proyecto electo, para as\u00ed cumplir con eficacia y transparencia cada proceso encomendados por la Revoluci\u00f3n Bolivariana.<\/p>\n<p style=\"text-align: justify;\">Finalmente, la secretaria regional resalt\u00f3 la importancia de ejecutar los proyectos en los lapsos establecidos por el Consejo Federal de Gobierno.<\/p>\n<p>&nbsp;<\/p>\n<p>&nbsp;<\/p>\n<h6>Ciudad Trujillo<\/h6>\n","protected":false},"excerpt":{"rendered":"<p>Este jueves, en Valera se llev\u00f3 a cabo la jornada \u00abCara a Cara rendimos cuentas\u00bb, la cual estuvo integrada por los representantes de los Circuitos Comunales y Comunas de los&hellip; <\/p>\n","protected":false},"author":7,"featured_media":50738,"comment_status":"closed","ping_status":"closed","sticky":false,"template":"","format":"standard","meta":{"footnotes":""},"categories":[40],"tags":[],"class_list":["post-50736","post","type-post","status-publish","format-standard","has-post-thumbnail","hentry","category-grantrujillo"],"_links":{"self":[{"href":"https:\/\/ciudadtrujillo.com\/index.php?rest_route=\/wp\/v2\/posts\/50736","targetHints":{"allow":["GET"]}}],"collection":[{"href":"https:\/\/ciudadtrujillo.com\/index.php?rest_route=\/wp\/v2\/posts"}],"about":[{"href":"https:\/\/ciudadtrujillo.com\/index.php?rest_route=\/wp\/v2\/types\/post"}],"author":[{"embeddable":true,"href":"https:\/\/ciudadtrujillo.com\/index.php?rest_route=\/wp\/v2\/users\/7"}],"replies":[{"embeddable":true,"href":"https:\/\/ciudadtrujillo.com\/index.php?rest_route=%2Fwp%2Fv2%2Fcomments&post=50736"}],"version-history":[{"count":1,"href":"https:\/\/ciudadtrujillo.com\/index.php?rest_route=\/wp\/v2\/posts\/50736\/revisions"}],"predecessor-version":[{"id":50739,"href":"https:\/\/ciudadtrujillo.com\/index.php?rest_route=\/wp\/v2\/posts\/50736\/revisions\/50739"}],"wp:featuredmedia":[{"embeddable":true,"href":"https:\/\/ciudadtrujillo.com\/index.php?rest_route=\/wp\/v2\/media\/50738"}],"wp:attachment":[{"href":"https:\/\/ciudadtrujillo.com\/index.php?rest_route=%2Fwp%2Fv2%2Fmedia&parent=50736"}],"wp:term":[{"taxonomy":"category","embeddable":true,"href":"https:\/\/ciudadtrujillo.com\/index.php?rest_route=%2Fwp%2Fv2%2Fcategories&post=50736"},{"taxonomy":"post_tag","embeddable":true,"href":"https:\/\/ciudadtrujillo.com\/index.php?rest_route=%2Fwp%2Fv2%2Ftags&post=50736"}],"curies":[{"name":"wp","href":"https:\/\/api.w.org\/{rel}","templated":true}]}}